{"@context":{"dc":"http:\/\/purl.org\/dc\/elements\/1.1\/","skos":"http:\/\/www.w3.org\/2004\/02\/skos\/core#","skos:broader":{"@type":"@id"},"skos:inScheme":{"@type":"@id"},"skos:related":{"@type":"@id"},"skos:narrower":{"@type":"@id"},"skos:hasTopConcept":{"@type":"@id"},"skos:topConceptOf":{"@type":"@id"}},"@id":"https:\/\/adm.senado.leg.br\/vcb\/vocab\/skos\/3686","@type":"skos:Concept","skos:prefLabel":{"@language":"pt-BR","@value=":"Sa\u00fade"},"skos:inScheme":"https:\/\/adm.senado.leg.br\/vcb\/vocab\/","dct:created":"2020-09-18 17:43:08","skos:definition":[{"@lang":"ab","@value":"A Organiza\u00e7\u00e3o Mundial de Sa\u00fade (OMS) prop\u00f5e, em sua Carta Magna de 7 de abril de 1948, um conceito de Sa\u00fade subjetivo e idealizado: \"Sa\u00fade \u00e9 um estado de completo bem-estar f\u00edsico, mental e social e n\u00e3o apenas a aus\u00eancia de afec\u00e7\u00e3o ou doen\u00e7a\". A VIII Confer\u00eancia Nacional de Sa\u00fade, realizada em Bras\u00edlia, divulga o seguinte conceito de Sa\u00fade: \"Sa\u00fade \u00e9 a resultante das condi\u00e7\u00f5es de alimenta\u00e7\u00e3o, habita\u00e7\u00e3o; educa\u00e7\u00e3o, renda, meio ambiente, trabalho, emprego, lazer, liberdad. Acesso e posse da terra. Acessos aos servi\u00e7os de sa\u00fade, \u00e9 assim antes de tudo, o resultado das formas de organiza\u00e7\u00e3o social\".$vGON\u00c7ALVES, Clarisvan do Couto. Pequeno gloss\u00e1rio de termos de sa\u00fade p\u00fablica. "}],"skos:narrower":["https:\/\/adm.senado.leg.br\/vcb\/vocab\/skos\/750","https:\/\/adm.senado.leg.br\/vcb\/vocab\/skos\/2104","https:\/\/adm.senado.leg.br\/vcb\/vocab\/skos\/12261","https:\/\/adm.senado.leg.br\/vcb\/vocab\/skos\/1589","https:\/\/adm.senado.leg.br\/vcb\/vocab\/skos\/24138","https:\/\/adm.senado.leg.br\/vcb\/vocab\/skos\/23235","https:\/\/adm.senado.leg.br\/vcb\/vocab\/skos\/2041","https:\/\/adm.senado.leg.br\/vcb\/vocab\/skos\/3855"],"skos:broader":["https:\/\/adm.senado.leg.br\/vcb\/vocab\/skos\/2464","https:\/\/adm.senado.leg.br\/vcb\/vocab\/skos\/2495"],"skos:related":["https:\/\/adm.senado.leg.br\/vcb\/vocab\/skos\/1236","https:\/\/adm.senado.leg.br\/vcb\/vocab\/skos\/3684","https:\/\/adm.senado.leg.br\/vcb\/vocab\/skos\/185","https:\/\/adm.senado.leg.br\/vcb\/vocab\/skos\/3665","https:\/\/adm.senado.leg.br\/vcb\/vocab\/skos\/10322","https:\/\/adm.senado.leg.br\/vcb\/vocab\/skos\/12638","https:\/\/adm.senado.leg.br\/vcb\/vocab\/skos\/12271","https:\/\/adm.senado.leg.br\/vcb\/vocab\/skos\/12624","https:\/\/adm.senado.leg.br\/vcb\/vocab\/skos\/785","https:\/\/adm.senado.leg.br\/vcb\/vocab\/skos\/8986"]}