{"@context":{"dc":"http:\/\/purl.org\/dc\/elements\/1.1\/","skos":"http:\/\/www.w3.org\/2004\/02\/skos\/core#","skos:broader":{"@type":"@id"},"skos:inScheme":{"@type":"@id"},"skos:related":{"@type":"@id"},"skos:narrower":{"@type":"@id"},"skos:hasTopConcept":{"@type":"@id"},"skos:topConceptOf":{"@type":"@id"}},"@id":"https:\/\/adm.senado.leg.br\/vcb\/vocab\/skos\/3702","@type":"skos:Concept","skos:prefLabel":{"@language":"pt-BR","@value=":"Odontologia"},"skos:inScheme":"https:\/\/adm.senado.leg.br\/vcb\/vocab\/","dct:created":"2020-09-18 17:43:08","skos:definition":[{"@lang":"ab","@value":"Profiss\u00e3o preocupada com os dentes, cavidade oral e estruturas associadas, e o diagn\u00f3stico e tratamento de suas doen\u00e7as, incluindo preven\u00e7\u00e3o e restaura\u00e7\u00e3o de tecido defeituoso e perdido.$vDESCRITORES em Ci\u00eancias da Sa\u00fade. "}],"skos:narrower":["https:\/\/adm.senado.leg.br\/vcb\/vocab\/skos\/3694"],"skos:broader":["https:\/\/adm.senado.leg.br\/vcb\/vocab\/skos\/3061","https:\/\/adm.senado.leg.br\/vcb\/vocab\/skos\/2495"],"skos:related":["https:\/\/adm.senado.leg.br\/vcb\/vocab\/skos\/3703"]}