{"@context":{"dc":"http:\/\/purl.org\/dc\/elements\/1.1\/","skos":"http:\/\/www.w3.org\/2004\/02\/skos\/core#","skos:broader":{"@type":"@id"},"skos:inScheme":{"@type":"@id"},"skos:related":{"@type":"@id"},"skos:narrower":{"@type":"@id"},"skos:hasTopConcept":{"@type":"@id"},"skos:topConceptOf":{"@type":"@id"}},"@id":"https:\/\/adm.senado.leg.br\/vcb\/vocab\/skos\/3722","@type":"skos:Concept","skos:prefLabel":{"@language":"pt-BR","@value=":"Conselho de assist\u00eancia social"},"skos:inScheme":"https:\/\/adm.senado.leg.br\/vcb\/vocab\/","dct:created":"2020-09-18 17:43:08","skos:definition":[{"@lang":"ab","@value":"\u00d3rg\u00e3o ou inst\u00e2ncia colegiada de car\u00e1ter permanente e deliberativo; * integra a estrutura b\u00e1sica da secretaria ou \u00f3rg\u00e3o equivalente de assist\u00eancia social; * tem sua composi\u00e7\u00e3o, organiza\u00e7\u00e3o e compet\u00eancia fixados em lei; * consubstancia a participa\u00e7\u00e3o da sociedade na administra\u00e7\u00e3o e controle do sistema de assist\u00eancia social.$vFRANCO, Fl\u00e1via. Conselho Municipal de Assist\u00eancia Social. Curitiba: Rede Brasileira de Informa\u00e7\u00e3o e Documenta\u00e7\u00e3o sobre Inf\u00e2ncia e Adolesc\u00eancia, 1993. "}],"skos:broader":["https:\/\/adm.senado.leg.br\/vcb\/vocab\/skos\/899"],"skos:related":["https:\/\/adm.senado.leg.br\/vcb\/vocab\/skos\/612"]}