{"@context":{"dc":"http:\/\/purl.org\/dc\/elements\/1.1\/","skos":"http:\/\/www.w3.org\/2004\/02\/skos\/core#","skos:broader":{"@type":"@id"},"skos:inScheme":{"@type":"@id"},"skos:related":{"@type":"@id"},"skos:narrower":{"@type":"@id"},"skos:hasTopConcept":{"@type":"@id"},"skos:topConceptOf":{"@type":"@id"}},"@id":"https:\/\/adm.senado.leg.br\/vcb\/vocab\/skos\/3733","@type":"skos:Concept","skos:prefLabel":{"@language":"pt-BR","@value=":"Coopera\u00e7\u00e3o t\u00e9cnica internacional"},"skos:inScheme":"https:\/\/adm.senado.leg.br\/vcb\/vocab\/","dct:created":"2020-09-18 17:43:08","dct:modified":"2022-04-14 11:31:21","skos:scopeNote":[{"@lang":"pt-BR","@value":"Usar, tamb\u00e9m, seguido de nomes geogr\u00e1ficos, indicativos das unidades geogr\u00e1ficas que exercem a a\u00e7\u00e3o e que recebem ou sofrem a a\u00e7\u00e3o, respectivamente, quando necess\u00e1rio. Ex.: Coopera\u00e7\u00e3o t\u00e9cnica, Alemanha, Brasil. "}],"skos:definition":[{"@lang":"ab","@value":"A Coopera\u00e7\u00e3o T\u00e9cnica \u00e9 um importante instrumento de desenvolvimento para os pa\u00edses e institui\u00e7\u00f5es, visto que por meio de transfer\u00eancias de conhecimentos, de experi\u00eancias bem sucedidas, de tecnologia e equipamentos, contribui para a capacita\u00e7\u00e3o dos recursos humanos e para o fortalecimento das institui\u00e7\u00f5es envolvidas em suas atividades e projetos.$vBRASIL. Ag\u00eancia Nacional de Vigil\u00e2ncia Sanit\u00e1ria. Coopera\u00e7\u00e3o internacional. "}],"skos:broader":["https:\/\/adm.senado.leg.br\/vcb\/vocab\/skos\/1843","https:\/\/adm.senado.leg.br\/vcb\/vocab\/skos\/9327"],"skos:altLabel":[{"language":"pt-BR","value":"Assist\u00eancia t\u00e9cnica"},{"language":"pt-BR","value":"Assist\u00eancia t\u00e9cnica internacional"},{"language":"pt-BR","value":"Coopera\u00e7\u00e3o t\u00e9cnica"},{"language":"pt-BR","value":"Coopera\u00e7\u00e3o t\u00e9cnica, cient\u00edfica e cultural"}],"skos:related":["https:\/\/adm.senado.leg.br\/vcb\/vocab\/skos\/3732","https:\/\/adm.senado.leg.br\/vcb\/vocab\/skos\/3314","https:\/\/adm.senado.leg.br\/vcb\/vocab\/skos\/9323","https:\/\/adm.senado.leg.br\/vcb\/vocab\/skos\/9322","https:\/\/adm.senado.leg.br\/vcb\/vocab\/skos\/9331","https:\/\/adm.senado.leg.br\/vcb\/vocab\/skos\/4514","https:\/\/adm.senado.leg.br\/vcb\/vocab\/skos\/9330","https:\/\/adm.senado.leg.br\/vcb\/vocab\/skos\/1288","https:\/\/adm.senado.leg.br\/vcb\/vocab\/skos\/9328","https:\/\/adm.senado.leg.br\/vcb\/vocab\/skos\/9354","https:\/\/adm.senado.leg.br\/vcb\/vocab\/skos\/1844","https:\/\/adm.senado.leg.br\/vcb\/vocab\/skos\/5426","https:\/\/adm.senado.leg.br\/vcb\/vocab\/skos\/9356"]}