{"@context":{"dc":"http:\/\/purl.org\/dc\/elements\/1.1\/","skos":"http:\/\/www.w3.org\/2004\/02\/skos\/core#","skos:broader":{"@type":"@id"},"skos:inScheme":{"@type":"@id"},"skos:related":{"@type":"@id"},"skos:narrower":{"@type":"@id"},"skos:hasTopConcept":{"@type":"@id"},"skos:topConceptOf":{"@type":"@id"}},"@id":"https:\/\/adm.senado.leg.br\/vcb\/vocab\/skos\/3741","@type":"skos:Concept","skos:prefLabel":{"@language":"pt-BR","@value=":"Per\u00edcia"},"skos:inScheme":"https:\/\/adm.senado.leg.br\/vcb\/vocab\/","dct:created":"2020-09-18 17:43:08","skos:definition":[{"@lang":"ab","@value":"\"[...] pesquisa, o exame, a verifica\u00e7\u00e3o, acerca da verdade ou da realidade de certos fatos, por pessoas que tenham reconhecidas habilidades ou experi\u00eancia na mat\u00e9ria de que se trata.\" (FULGENCIO, P. C. Gloss\u00e1rio vade mecum: administra\u00e7\u00e3o p\u00fablica, ci\u00eancias cont\u00e1beis, direito, economia e meio ambiente). "}],"skos:editorialNote":[{"@lang":"ab","@value":"341.4648 "}],"skos:narrower":["https:\/\/adm.senado.leg.br\/vcb\/vocab\/skos\/9978","https:\/\/adm.senado.leg.br\/vcb\/vocab\/skos\/12238","https:\/\/adm.senado.leg.br\/vcb\/vocab\/skos\/21698","https:\/\/adm.senado.leg.br\/vcb\/vocab\/skos\/21703","https:\/\/adm.senado.leg.br\/vcb\/vocab\/skos\/18895","https:\/\/adm.senado.leg.br\/vcb\/vocab\/skos\/21704","https:\/\/adm.senado.leg.br\/vcb\/vocab\/skos\/8771","https:\/\/adm.senado.leg.br\/vcb\/vocab\/skos\/12242","https:\/\/adm.senado.leg.br\/vcb\/vocab\/skos\/20311"],"skos:broader":["https:\/\/adm.senado.leg.br\/vcb\/vocab\/skos\/10726"],"skos:altLabel":[{"language":"pt-BR","value":"Exame pericial"},{"language":"pt-BR","value":"Per\u00edcia t\u00e9cnica"}],"skos:related":["https:\/\/adm.senado.leg.br\/vcb\/vocab\/skos\/3739","https:\/\/adm.senado.leg.br\/vcb\/vocab\/skos\/9742","https:\/\/adm.senado.leg.br\/vcb\/vocab\/skos\/14870","https:\/\/adm.senado.leg.br\/vcb\/vocab\/skos\/19328","https:\/\/adm.senado.leg.br\/vcb\/vocab\/skos\/3740","https:\/\/adm.senado.leg.br\/vcb\/vocab\/skos\/4501","https:\/\/adm.senado.leg.br\/vcb\/vocab\/skos\/19508","https:\/\/adm.senado.leg.br\/vcb\/vocab\/skos\/8189"]}