{"@context":{"dc":"http:\/\/purl.org\/dc\/elements\/1.1\/","skos":"http:\/\/www.w3.org\/2004\/02\/skos\/core#","skos:broader":{"@type":"@id"},"skos:inScheme":{"@type":"@id"},"skos:related":{"@type":"@id"},"skos:narrower":{"@type":"@id"},"skos:hasTopConcept":{"@type":"@id"},"skos:topConceptOf":{"@type":"@id"}},"@id":"https:\/\/adm.senado.leg.br\/vcb\/vocab\/skos\/3744","@type":"skos:Concept","skos:prefLabel":{"@language":"pt-BR","@value=":"Associa\u00e7\u00e3o"},"skos:inScheme":"https:\/\/adm.senado.leg.br\/vcb\/vocab\/","dct:created":"2020-09-18 17:43:08","skos:definition":[{"@lang":"pt-BR","@value":"Associa\u00e7\u00e3o \u00e9 qualquer iniciativa formal ou informal que re\u00fane pessoas f\u00edsicas ou outras sociedades jur\u00eddicas com objetivos comuns, visando a superar dificuldades e gerar benef\u00edcios para os seus associados.$uhttps:\/\/www.sebrae.com.br\/sites\/PortalSebrae\/artigos\/associacao-e-estrategia-de-fortalecimento,10e5438af1c92410VgnVCM100000b272010aRCRD "}],"skos:narrower":["https:\/\/adm.senado.leg.br\/vcb\/vocab\/skos\/3747","https:\/\/adm.senado.leg.br\/vcb\/vocab\/skos\/3758","https:\/\/adm.senado.leg.br\/vcb\/vocab\/skos\/3748","https:\/\/adm.senado.leg.br\/vcb\/vocab\/skos\/3749","https:\/\/adm.senado.leg.br\/vcb\/vocab\/skos\/3750","https:\/\/adm.senado.leg.br\/vcb\/vocab\/skos\/3769","https:\/\/adm.senado.leg.br\/vcb\/vocab\/skos\/3771","https:\/\/adm.senado.leg.br\/vcb\/vocab\/skos\/3751","https:\/\/adm.senado.leg.br\/vcb\/vocab\/skos\/3752","https:\/\/adm.senado.leg.br\/vcb\/vocab\/skos\/3781","https:\/\/adm.senado.leg.br\/vcb\/vocab\/skos\/3782","https:\/\/adm.senado.leg.br\/vcb\/vocab\/skos\/3784","https:\/\/adm.senado.leg.br\/vcb\/vocab\/skos\/3785","https:\/\/adm.senado.leg.br\/vcb\/vocab\/skos\/3753","https:\/\/adm.senado.leg.br\/vcb\/vocab\/skos\/3720","https:\/\/adm.senado.leg.br\/vcb\/vocab\/skos\/3754","https:\/\/adm.senado.leg.br\/vcb\/vocab\/skos\/15076","https:\/\/adm.senado.leg.br\/vcb\/vocab\/skos\/3755","https:\/\/adm.senado.leg.br\/vcb\/vocab\/skos\/3804","https:\/\/adm.senado.leg.br\/vcb\/vocab\/skos\/929","https:\/\/adm.senado.leg.br\/vcb\/vocab\/skos\/7045"],"skos:broader":["https:\/\/adm.senado.leg.br\/vcb\/vocab\/skos\/1144","https:\/\/adm.senado.leg.br\/vcb\/vocab\/skos\/3746"],"skos:related":["https:\/\/adm.senado.leg.br\/vcb\/vocab\/skos\/3745","https:\/\/adm.senado.leg.br\/vcb\/vocab\/skos\/6992"]}