{"@context":{"dc":"http:\/\/purl.org\/dc\/elements\/1.1\/","skos":"http:\/\/www.w3.org\/2004\/02\/skos\/core#","skos:broader":{"@type":"@id"},"skos:inScheme":{"@type":"@id"},"skos:related":{"@type":"@id"},"skos:narrower":{"@type":"@id"},"skos:hasTopConcept":{"@type":"@id"},"skos:topConceptOf":{"@type":"@id"}},"@id":"https:\/\/adm.senado.leg.br\/vcb\/vocab\/skos\/3746","@type":"skos:Concept","skos:prefLabel":{"@language":"pt-BR","@value=":"Pessoa jur\u00eddica"},"skos:inScheme":"https:\/\/adm.senado.leg.br\/vcb\/vocab\/","dct:created":"2020-09-18 17:43:08","skos:editorialNote":[{"@lang":"ab","@value":"342.119 "}],"skos:narrower":["https:\/\/adm.senado.leg.br\/vcb\/vocab\/skos\/3744","https:\/\/adm.senado.leg.br\/vcb\/vocab\/skos\/6618","https:\/\/adm.senado.leg.br\/vcb\/vocab\/skos\/591","https:\/\/adm.senado.leg.br\/vcb\/vocab\/skos\/15486","https:\/\/adm.senado.leg.br\/vcb\/vocab\/skos\/3767","https:\/\/adm.senado.leg.br\/vcb\/vocab\/skos\/4336","https:\/\/adm.senado.leg.br\/vcb\/vocab\/skos\/21928","https:\/\/adm.senado.leg.br\/vcb\/vocab\/skos\/21929"],"skos:broader":["https:\/\/adm.senado.leg.br\/vcb\/vocab\/skos\/6051"],"skos:altLabel":[{"language":"pt-BR","value":"Personalidade jur\u00eddica"},{"language":"pt-BR","value":"Personifica\u00e7\u00e3o civil"},{"language":"pt-BR","value":"Pessoa legal"},{"language":"pt-BR","value":"Pessoa m\u00edstica"},{"language":"pt-BR","value":"Pessoa moral"},{"language":"pt-BR","value":"Pessoas p\u00fablicas"}],"skos:related":["https:\/\/adm.senado.leg.br\/vcb\/vocab\/skos\/4053","https:\/\/adm.senado.leg.br\/vcb\/vocab\/skos\/1239","https:\/\/adm.senado.leg.br\/vcb\/vocab\/skos\/3923","https:\/\/adm.senado.leg.br\/vcb\/vocab\/skos\/272","https:\/\/adm.senado.leg.br\/vcb\/vocab\/skos\/9151","https:\/\/adm.senado.leg.br\/vcb\/vocab\/skos\/4327","https:\/\/adm.senado.leg.br\/vcb\/vocab\/skos\/2008"]}