{"@context":{"dc":"http:\/\/purl.org\/dc\/elements\/1.1\/","skos":"http:\/\/www.w3.org\/2004\/02\/skos\/core#","skos:broader":{"@type":"@id"},"skos:inScheme":{"@type":"@id"},"skos:related":{"@type":"@id"},"skos:narrower":{"@type":"@id"},"skos:hasTopConcept":{"@type":"@id"},"skos:topConceptOf":{"@type":"@id"}},"@id":"https:\/\/adm.senado.leg.br\/vcb\/vocab\/skos\/3758","@type":"skos:Concept","skos:prefLabel":{"@language":"pt-BR","@value=":"Associa\u00e7\u00e3o civil"},"skos:inScheme":"https:\/\/adm.senado.leg.br\/vcb\/vocab\/","dct:created":"2020-09-18 17:43:08","skos:definition":[{"@lang":"ab","@value":"Entidade de direito privado formada pela reuni\u00e3o de pessoas, em car\u00e1ter est\u00e1vel, objetivando determinado fim comum, regida por contrato ou estatuto, com ou sem capital. (VCE-TCU) "}],"skos:narrower":["https:\/\/adm.senado.leg.br\/vcb\/vocab\/skos\/6651"],"skos:broader":["https:\/\/adm.senado.leg.br\/vcb\/vocab\/skos\/3744"],"skos:related":["https:\/\/adm.senado.leg.br\/vcb\/vocab\/skos\/3759"]}