{"@context":{"dc":"http:\/\/purl.org\/dc\/elements\/1.1\/","skos":"http:\/\/www.w3.org\/2004\/02\/skos\/core#","skos:broader":{"@type":"@id"},"skos:inScheme":{"@type":"@id"},"skos:related":{"@type":"@id"},"skos:narrower":{"@type":"@id"},"skos:hasTopConcept":{"@type":"@id"},"skos:topConceptOf":{"@type":"@id"}},"@id":"https:\/\/adm.senado.leg.br\/vcb\/vocab\/skos\/3764","@type":"skos:Concept","skos:prefLabel":{"@language":"pt-BR","@value=":"Comunidade"},"skos:inScheme":"https:\/\/adm.senado.leg.br\/vcb\/vocab\/","dct:created":"2020-09-18 17:43:08","skos:scopeNote":[{"@lang":"pt-BR","@value":"Usado para obras que tratam de unidades sociais definidas geograficamente dentro de uma sociedade maior, economicamente auto-suficientes, caracterizadas por interesses e atividades comuns.$vBN "}],"skos:definition":[{"@lang":"ab","@value":"Grupo de pessoas, parte de uma sociedade maior, que vivem em uma determinada \u00e1rea e mant\u00eam alguns interesses e caracter\u00edsticas comuns.$vDICION\u00c1RIO ambiental. "}],"skos:narrower":["https:\/\/adm.senado.leg.br\/vcb\/vocab\/skos\/7046","https:\/\/adm.senado.leg.br\/vcb\/vocab\/skos\/7578","https:\/\/adm.senado.leg.br\/vcb\/vocab\/skos\/8122","https:\/\/adm.senado.leg.br\/vcb\/vocab\/skos\/26334","https:\/\/adm.senado.leg.br\/vcb\/vocab\/skos\/8117","https:\/\/adm.senado.leg.br\/vcb\/vocab\/skos\/8126"],"skos:broader":["https:\/\/adm.senado.leg.br\/vcb\/vocab\/skos\/3572","https:\/\/adm.senado.leg.br\/vcb\/vocab\/skos\/8115"],"skos:altLabel":[{"language":"pt-BR","value":"Comunidade local"},{"language":"pt-BR","value":"Comunidades"}],"skos:related":["https:\/\/adm.senado.leg.br\/vcb\/vocab\/skos\/3761","https:\/\/adm.senado.leg.br\/vcb\/vocab\/skos\/6626","https:\/\/adm.senado.leg.br\/vcb\/vocab\/skos\/29369","https:\/\/adm.senado.leg.br\/vcb\/vocab\/skos\/6658","https:\/\/adm.senado.leg.br\/vcb\/vocab\/skos\/8112","https:\/\/adm.senado.leg.br\/vcb\/vocab\/skos\/8113","https:\/\/adm.senado.leg.br\/vcb\/vocab\/skos\/8114","https:\/\/adm.senado.leg.br\/vcb\/vocab\/skos\/8116","https:\/\/adm.senado.leg.br\/vcb\/vocab\/skos\/3765","https:\/\/adm.senado.leg.br\/vcb\/vocab\/skos\/3766","https:\/\/adm.senado.leg.br\/vcb\/vocab\/skos\/13899"]}