{"@context":{"dc":"http:\/\/purl.org\/dc\/elements\/1.1\/","skos":"http:\/\/www.w3.org\/2004\/02\/skos\/core#","skos:broader":{"@type":"@id"},"skos:inScheme":{"@type":"@id"},"skos:related":{"@type":"@id"},"skos:narrower":{"@type":"@id"},"skos:hasTopConcept":{"@type":"@id"},"skos:topConceptOf":{"@type":"@id"}},"@id":"https:\/\/adm.senado.leg.br\/vcb\/vocab\/skos\/3767","@type":"skos:Concept","skos:prefLabel":{"@language":"pt-BR","@value=":"Pessoa jur\u00eddica de direito privado"},"skos:inScheme":"https:\/\/adm.senado.leg.br\/vcb\/vocab\/","dct:created":"2020-09-18 17:43:08","skos:definition":[{"@lang":"pt-BR","@value":"As pessoas jur\u00eddicas de direito privado v\u00eam enumeradas no art. 44 da Lei n.\u00ba 10.406, de 10.01.2002, que institui o atual\u00a0C\u00f3digo Civil.\u00a0Assim s\u00e3o pessoas jur\u00eddicas de direito\u00a0privado as associa\u00e7\u00f5es, as sociedades, as funda\u00e7\u00f5es, as organiza\u00e7\u00f5es religiosas, os partidos pol\u00edticos e as EIRELIs.$uhttp:\/\/genjuridico.com.br\/2019\/12\/09\/classificacao-das-pessoas-juridicas\/ "}],"skos:narrower":["https:\/\/adm.senado.leg.br\/vcb\/vocab\/skos\/3761","https:\/\/adm.senado.leg.br\/vcb\/vocab\/skos\/3720","https:\/\/adm.senado.leg.br\/vcb\/vocab\/skos\/1240","https:\/\/adm.senado.leg.br\/vcb\/vocab\/skos\/12977","https:\/\/adm.senado.leg.br\/vcb\/vocab\/skos\/12982","https:\/\/adm.senado.leg.br\/vcb\/vocab\/skos\/3724","https:\/\/adm.senado.leg.br\/vcb\/vocab\/skos\/13336","https:\/\/adm.senado.leg.br\/vcb\/vocab\/skos\/1242","https:\/\/adm.senado.leg.br\/vcb\/vocab\/skos\/8129","https:\/\/adm.senado.leg.br\/vcb\/vocab\/skos\/2842","https:\/\/adm.senado.leg.br\/vcb\/vocab\/skos\/8986","https:\/\/adm.senado.leg.br\/vcb\/vocab\/skos\/2008"],"skos:broader":["https:\/\/adm.senado.leg.br\/vcb\/vocab\/skos\/3746"],"skos:altLabel":[{"language":"pt-BR","value":"Ente de direito privado"},{"language":"pt-BR","value":"Entidade de direito privado"},{"language":"pt-BR","value":"Entidade privada"},{"language":"pt-BR","value":"Institui\u00e7\u00e3o particular"},{"language":"pt-BR","value":"Institui\u00e7\u00e3o privada"}],"skos:related":["https:\/\/adm.senado.leg.br\/vcb\/vocab\/skos\/272","https:\/\/adm.senado.leg.br\/vcb\/vocab\/skos\/4336","https:\/\/adm.senado.leg.br\/vcb\/vocab\/skos\/23849"]}