{"@context":{"dc":"http:\/\/purl.org\/dc\/elements\/1.1\/","skos":"http:\/\/www.w3.org\/2004\/02\/skos\/core#","skos:broader":{"@type":"@id"},"skos:inScheme":{"@type":"@id"},"skos:related":{"@type":"@id"},"skos:narrower":{"@type":"@id"},"skos:hasTopConcept":{"@type":"@id"},"skos:topConceptOf":{"@type":"@id"}},"@id":"https:\/\/adm.senado.leg.br\/vcb\/vocab\/skos\/3808","@type":"skos:Concept","skos:prefLabel":{"@language":"pt-BR","@value=":"Institui\u00e7\u00e3o de pesquisa"},"skos:inScheme":"https:\/\/adm.senado.leg.br\/vcb\/vocab\/","dct:created":"2020-09-18 17:43:08","skos:broader":["https:\/\/adm.senado.leg.br\/vcb\/vocab\/skos\/3720","https:\/\/adm.senado.leg.br\/vcb\/vocab\/skos\/1144"],"skos:altLabel":[{"language":"pt-BR","value":"Associa\u00e7\u00e3o de tecnologia e pesquisa"},{"language":"pt-BR","value":"Institui\u00e7\u00e3o brasileira de pesquisa, ensino, apoio e outros"},{"language":"pt-BR","value":"Institui\u00e7\u00e3o cient\u00edfica"},{"language":"pt-BR","value":"Institui\u00e7\u00e3o cient\u00edfica e tecnol\u00f3gica"},{"language":"pt-BR","value":"Institui\u00e7\u00e3o cient\u00edfica, tecnol\u00f3gica e de inova\u00e7\u00e3o"}],"skos:related":["https:\/\/adm.senado.leg.br\/vcb\/vocab\/skos\/6645","https:\/\/adm.senado.leg.br\/vcb\/vocab\/skos\/18966","https:\/\/adm.senado.leg.br\/vcb\/vocab\/skos\/6940","https:\/\/adm.senado.leg.br\/vcb\/vocab\/skos\/1533","https:\/\/adm.senado.leg.br\/vcb\/vocab\/skos\/1535","https:\/\/adm.senado.leg.br\/vcb\/vocab\/skos\/5642"]}