{"@context":{"dc":"http:\/\/purl.org\/dc\/elements\/1.1\/","skos":"http:\/\/www.w3.org\/2004\/02\/skos\/core#","skos:broader":{"@type":"@id"},"skos:inScheme":{"@type":"@id"},"skos:related":{"@type":"@id"},"skos:narrower":{"@type":"@id"},"skos:hasTopConcept":{"@type":"@id"},"skos:topConceptOf":{"@type":"@id"}},"@id":"https:\/\/adm.senado.leg.br\/vcb\/vocab\/skos\/3948","@type":"skos:Concept","skos:prefLabel":{"@language":"pt-BR","@value=":"Ensino de tempo integral"},"skos:inScheme":"https:\/\/adm.senado.leg.br\/vcb\/vocab\/","dct:created":"2020-09-18 17:43:08","skos:definition":[{"@lang":"ab","@value":"Ensino Fundamental ou m\u00e9dio regular ministrado em turmas com jornada escolar igual ou superior a seis horas, inclu\u00eddas nessa jornada tanto as atividades relativas ao curr\u00edculo obrigat\u00f3rio, como aquelas referentes aos temas transversais e a outras atividades complementares.$vANU\u00c1RIO Brasileiro da Educa\u00e7\u00e3o B\u00e1sica "}],"skos:broader":["https:\/\/adm.senado.leg.br\/vcb\/vocab\/skos\/1951","https:\/\/adm.senado.leg.br\/vcb\/vocab\/skos\/2907"],"skos:altLabel":[{"language":"pt-BR","value":"Educa\u00e7\u00e3o integral"},{"language":"pt-BR","value":"Tempo integral"}],"skos:related":["https:\/\/adm.senado.leg.br\/vcb\/vocab\/skos\/3947","https:\/\/adm.senado.leg.br\/vcb\/vocab\/skos\/6058","https:\/\/adm.senado.leg.br\/vcb\/vocab\/skos\/12637","https:\/\/adm.senado.leg.br\/vcb\/vocab\/skos\/5530","https:\/\/adm.senado.leg.br\/vcb\/vocab\/skos\/5531","https:\/\/adm.senado.leg.br\/vcb\/vocab\/skos\/3250","https:\/\/adm.senado.leg.br\/vcb\/vocab\/skos\/1210","https:\/\/adm.senado.leg.br\/vcb\/vocab\/skos\/1212"]}