{"@context":{"dc":"http:\/\/purl.org\/dc\/elements\/1.1\/","skos":"http:\/\/www.w3.org\/2004\/02\/skos\/core#","skos:broader":{"@type":"@id"},"skos:inScheme":{"@type":"@id"},"skos:related":{"@type":"@id"},"skos:narrower":{"@type":"@id"},"skos:hasTopConcept":{"@type":"@id"},"skos:topConceptOf":{"@type":"@id"}},"@id":"https:\/\/adm.senado.leg.br\/vcb\/vocab\/skos\/3988","@type":"skos:Concept","skos:prefLabel":{"@language":"pt-BR","@value=":"Balan\u00e7o patrimonial"},"skos:inScheme":"https:\/\/adm.senado.leg.br\/vcb\/vocab\/","dct:created":"2020-09-18 17:43:09","skos:definition":[{"@lang":"ab","@value":"Demonstrativo cont\u00e1bil dos valores do ativo, do passivo e do patrim\u00f4nio l\u00edquido de uma entidade jur\u00eddica, relativo a um exerc\u00edcio social completo.$vGLOSS\u00c1RIO de termos cont\u00e1beis)2015 "}],"skos:narrower":["https:\/\/adm.senado.leg.br\/vcb\/vocab\/skos\/2280","https:\/\/adm.senado.leg.br\/vcb\/vocab\/skos\/3977","https:\/\/adm.senado.leg.br\/vcb\/vocab\/skos\/4731"],"skos:broader":["https:\/\/adm.senado.leg.br\/vcb\/vocab\/skos\/2286"],"skos:altLabel":[{"language":"pt-BR","value":"Balan\u00e7o (contabilidade)"},{"language":"pt-BR","value":"Balan\u00e7o comercial"},{"language":"pt-BR","value":"Balan\u00e7o consolidado"},{"language":"pt-BR","value":"Balan\u00e7o contabil\u00edstico"},{"language":"pt-BR","value":"Balan\u00e7o econ\u00f4mico"}],"skos:related":["https:\/\/adm.senado.leg.br\/vcb\/vocab\/skos\/245","https:\/\/adm.senado.leg.br\/vcb\/vocab\/skos\/4729","https:\/\/adm.senado.leg.br\/vcb\/vocab\/skos\/4721","https:\/\/adm.senado.leg.br\/vcb\/vocab\/skos\/4730"]}