{"@context":{"dc":"http:\/\/purl.org\/dc\/elements\/1.1\/","skos":"http:\/\/www.w3.org\/2004\/02\/skos\/core#","skos:broader":{"@type":"@id"},"skos:inScheme":{"@type":"@id"},"skos:related":{"@type":"@id"},"skos:narrower":{"@type":"@id"},"skos:hasTopConcept":{"@type":"@id"},"skos:topConceptOf":{"@type":"@id"}},"@id":"https:\/\/adm.senado.leg.br\/vcb\/vocab\/skos\/4067","@type":"skos:Concept","skos:prefLabel":{"@language":"pt-BR","@value=":"Ato complementar"},"skos:inScheme":"https:\/\/adm.senado.leg.br\/vcb\/vocab\/","dct:created":"2020-09-18 17:43:09","skos:definition":[{"@lang":"ab","@value":"Os atos complementares (AC) foram leis ordin\u00e1rias que corroboravam com os atos institucionais (AI) e, em alguns casos, configuravam-se como emendas \u00e0 Constitui\u00e7\u00e3o. Atrav\u00e9s desses dispositivos, os militares garantiam o exerc\u00edcio dos AIs conferindo-lhes regulamenta\u00e7\u00e3o. (Infoescola) "}],"skos:editorialNote":[{"@lang":"ab","@value":"341.24 "}],"skos:broader":["https:\/\/adm.senado.leg.br\/vcb\/vocab\/skos\/2452"]}