{"@context":{"dc":"http:\/\/purl.org\/dc\/elements\/1.1\/","skos":"http:\/\/www.w3.org\/2004\/02\/skos\/core#","skos:broader":{"@type":"@id"},"skos:inScheme":{"@type":"@id"},"skos:related":{"@type":"@id"},"skos:narrower":{"@type":"@id"},"skos:hasTopConcept":{"@type":"@id"},"skos:topConceptOf":{"@type":"@id"}},"@id":"https:\/\/adm.senado.leg.br\/vcb\/vocab\/skos\/4069","@type":"skos:Concept","skos:prefLabel":{"@language":"pt-BR","@value=":"Decad\u00eancia (direito)"},"skos:inScheme":"https:\/\/adm.senado.leg.br\/vcb\/vocab\/","dct:created":"2020-09-18 17:43:09","dct:modified":"2021-10-26 09:15:29","skos:definition":[{"@lang":"ab","@value":"Decad\u00eancia \u00e9 a perda de um direito que n\u00e3o foi exercido pelo seu titular no prazo previsto em lei.$uhttps:\/\/lfg.jusbrasil.com.br\/noticias\/2584850\/prescricao-e-decadencia "}],"skos:editorialNote":[{"@lang":"ab","@value":"342.14394 "},{"@lang":"ab","@value":"341.39444 "},{"@lang":"ab","@value":"342.11433 "},{"@lang":"ab","@value":"341.4632 "},{"@lang":"ab","@value":"342.68 "}],"skos:altLabel":[{"language":"pt-BR","value":"Decad\u00eancia"},{"language":"pt-BR","value":"Decad\u00eancia (Direito civil)"},{"language":"pt-BR","value":"Decad\u00eancia (Direito do consumidor)"},{"language":"pt-BR","value":"Decad\u00eancia (Direito penal)"},{"language":"pt-BR","value":"Decad\u00eancia (Direito tribut\u00e1rio)"},{"language":"pt-BR","value":"Decad\u00eancia (Processo civil)"},{"language":"pt-BR","value":"Decad\u00eancia (Processo trabalhista)"},{"language":"pt-BR","value":"Prazo extintivo"}],"skos:related":["https:\/\/adm.senado.leg.br\/vcb\/vocab\/skos\/4051","https:\/\/adm.senado.leg.br\/vcb\/vocab\/skos\/10388","https:\/\/adm.senado.leg.br\/vcb\/vocab\/skos\/163","https:\/\/adm.senado.leg.br\/vcb\/vocab\/skos\/10389","https:\/\/adm.senado.leg.br\/vcb\/vocab\/skos\/4146","https:\/\/adm.senado.leg.br\/vcb\/vocab\/skos\/10410","https:\/\/adm.senado.leg.br\/vcb\/vocab\/skos\/22369","https:\/\/adm.senado.leg.br\/vcb\/vocab\/skos\/10398","https:\/\/adm.senado.leg.br\/vcb\/vocab\/skos\/22421","https:\/\/adm.senado.leg.br\/vcb\/vocab\/skos\/3258","https:\/\/adm.senado.leg.br\/vcb\/vocab\/skos\/22414","https:\/\/adm.senado.leg.br\/vcb\/vocab\/skos\/10404","https:\/\/adm.senado.leg.br\/vcb\/vocab\/skos\/14791","https:\/\/adm.senado.leg.br\/vcb\/vocab\/skos\/10407","https:\/\/adm.senado.leg.br\/vcb\/vocab\/skos\/10402"]}