{"@context":{"dc":"http:\/\/purl.org\/dc\/elements\/1.1\/","skos":"http:\/\/www.w3.org\/2004\/02\/skos\/core#","skos:broader":{"@type":"@id"},"skos:inScheme":{"@type":"@id"},"skos:related":{"@type":"@id"},"skos:narrower":{"@type":"@id"},"skos:hasTopConcept":{"@type":"@id"},"skos:topConceptOf":{"@type":"@id"}},"@id":"https:\/\/adm.senado.leg.br\/vcb\/vocab\/skos\/4073","@type":"skos:Concept","skos:prefLabel":{"@language":"pt-BR","@value=":"Direito comercial"},"skos:inScheme":"https:\/\/adm.senado.leg.br\/vcb\/vocab\/","dct:created":"2020-09-18 17:43:09","skos:definition":[{"@lang":"ab","@value":"Conjunto de regras que disciplinam as atividades privadas implementadas com o escopo de produ\u00e7\u00e3o ou circula\u00e7\u00e3o de bens ou servi\u00e7os destinados ao mercado.$vALBANO, C\u00edcero Jos\u00e9. Instituto Federal de Educa\u00e7\u00e3o, Ci\u00eancia e Tecnologia - Paran\u00e1. Direito empresarial. "}],"skos:editorialNote":[{"@lang":"ab","@value":"342.2 "}],"skos:narrower":["https:\/\/adm.senado.leg.br\/vcb\/vocab\/skos\/3002","https:\/\/adm.senado.leg.br\/vcb\/vocab\/skos\/4071","https:\/\/adm.senado.leg.br\/vcb\/vocab\/skos\/1576","https:\/\/adm.senado.leg.br\/vcb\/vocab\/skos\/8238","https:\/\/adm.senado.leg.br\/vcb\/vocab\/skos\/7397","https:\/\/adm.senado.leg.br\/vcb\/vocab\/skos\/9018","https:\/\/adm.senado.leg.br\/vcb\/vocab\/skos\/917","https:\/\/adm.senado.leg.br\/vcb\/vocab\/skos\/4587","https:\/\/adm.senado.leg.br\/vcb\/vocab\/skos\/419","https:\/\/adm.senado.leg.br\/vcb\/vocab\/skos\/4791","https:\/\/adm.senado.leg.br\/vcb\/vocab\/skos\/8959","https:\/\/adm.senado.leg.br\/vcb\/vocab\/skos\/11434","https:\/\/adm.senado.leg.br\/vcb\/vocab\/skos\/11435","https:\/\/adm.senado.leg.br\/vcb\/vocab\/skos\/182","https:\/\/adm.senado.leg.br\/vcb\/vocab\/skos\/11436","https:\/\/adm.senado.leg.br\/vcb\/vocab\/skos\/4543","https:\/\/adm.senado.leg.br\/vcb\/vocab\/skos\/19853","https:\/\/adm.senado.leg.br\/vcb\/vocab\/skos\/5549","https:\/\/adm.senado.leg.br\/vcb\/vocab\/skos\/29921","https:\/\/adm.senado.leg.br\/vcb\/vocab\/skos\/29919","https:\/\/adm.senado.leg.br\/vcb\/vocab\/skos\/5115","https:\/\/adm.senado.leg.br\/vcb\/vocab\/skos\/805","https:\/\/adm.senado.leg.br\/vcb\/vocab\/skos\/9047","https:\/\/adm.senado.leg.br\/vcb\/vocab\/skos\/842"],"skos:broader":["https:\/\/adm.senado.leg.br\/vcb\/vocab\/skos\/11192"],"skos:altLabel":[{"language":"pt-BR","value":"Com\u00e9rcio (direito comercial)"},{"language":"pt-BR","value":"Com\u00e9rcio (direito)"},{"language":"pt-BR","value":"Direito empresarial"},{"language":"pt-BR","value":"Direito mercantil"},{"language":"pt-BR","value":"Jus mercatorum"}],"skos:related":["https:\/\/adm.senado.leg.br\/vcb\/vocab\/skos\/5901","https:\/\/adm.senado.leg.br\/vcb\/vocab\/skos\/591","https:\/\/adm.senado.leg.br\/vcb\/vocab\/skos\/3914","https:\/\/adm.senado.leg.br\/vcb\/vocab\/skos\/7417"]}