{"@context":{"dc":"http:\/\/purl.org\/dc\/elements\/1.1\/","skos":"http:\/\/www.w3.org\/2004\/02\/skos\/core#","skos:broader":{"@type":"@id"},"skos:inScheme":{"@type":"@id"},"skos:related":{"@type":"@id"},"skos:narrower":{"@type":"@id"},"skos:hasTopConcept":{"@type":"@id"},"skos:topConceptOf":{"@type":"@id"}},"@id":"https:\/\/adm.senado.leg.br\/vcb\/vocab\/skos\/4100","@type":"skos:Concept","skos:prefLabel":{"@language":"pt-BR","@value=":"Direito internacional"},"skos:inScheme":"https:\/\/adm.senado.leg.br\/vcb\/vocab\/","dct:created":"2020-09-18 17:43:09","skos:definition":[{"@lang":"ab","@value":"Define as responsabilidades legais dos Estados em sua conduta uns com os outros, e o tratamento dos indiv\u00edduos dentro das fronteiras do Estado. Seu dom\u00ednio abrange uma ampla gama de quest\u00f5es de interesse internacional como os direitos humanos, o desarmamento, a criminalidade internacional, os refugiados, a migra\u00e7\u00e3o, problemas de nacionalidade, o tratamento dos prisioneiros, o uso da for\u00e7a e a conduta de guerra, entre outros. Ele tamb\u00e9m regula os bens comuns globais, como o meio ambiente, o desenvolvimento sustent\u00e1vel, as \u00e1guas internacionais, o espa\u00e7o sideral, as comunica\u00e7\u00f5es e o com\u00e9rcio mundial.$vONUBR. Na\u00e7\u00f5es Unidas no Brasil. A ONU e o direito internacional. "}],"skos:narrower":["https:\/\/adm.senado.leg.br\/vcb\/vocab\/skos\/1667","https:\/\/adm.senado.leg.br\/vcb\/vocab\/skos\/3784","https:\/\/adm.senado.leg.br\/vcb\/vocab\/skos\/4990","https:\/\/adm.senado.leg.br\/vcb\/vocab\/skos\/9867","https:\/\/adm.senado.leg.br\/vcb\/vocab\/skos\/8406","https:\/\/adm.senado.leg.br\/vcb\/vocab\/skos\/2499","https:\/\/adm.senado.leg.br\/vcb\/vocab\/skos\/7694","https:\/\/adm.senado.leg.br\/vcb\/vocab\/skos\/8423","https:\/\/adm.senado.leg.br\/vcb\/vocab\/skos\/11682","https:\/\/adm.senado.leg.br\/vcb\/vocab\/skos\/11529"],"skos:broader":["https:\/\/adm.senado.leg.br\/vcb\/vocab\/skos\/1394"],"skos:related":["https:\/\/adm.senado.leg.br\/vcb\/vocab\/skos\/29757","https:\/\/adm.senado.leg.br\/vcb\/vocab\/skos\/938","https:\/\/adm.senado.leg.br\/vcb\/vocab\/skos\/8686","https:\/\/adm.senado.leg.br\/vcb\/vocab\/skos\/937"]}