{"@context":{"dc":"http:\/\/purl.org\/dc\/elements\/1.1\/","skos":"http:\/\/www.w3.org\/2004\/02\/skos\/core#","skos:broader":{"@type":"@id"},"skos:inScheme":{"@type":"@id"},"skos:related":{"@type":"@id"},"skos:narrower":{"@type":"@id"},"skos:hasTopConcept":{"@type":"@id"},"skos:topConceptOf":{"@type":"@id"}},"@id":"https:\/\/adm.senado.leg.br\/vcb\/vocab\/skos\/4112","@type":"skos:Concept","skos:prefLabel":{"@language":"pt-BR","@value=":"Direito adquirido"},"skos:inScheme":"https:\/\/adm.senado.leg.br\/vcb\/vocab\/","dct:created":"2020-09-18 17:43:09","dct:modified":"2025-07-19 11:51:05","skos:definition":[{"@lang":"ab","@value":"Vantagem jur\u00eddica, l\u00edquida, l\u00edcita e concreta que algu\u00e9m adquire, de acordo com a lei ent\u00e3o vigente, e incorpora, definitivamente, sem contesta\u00e7\u00e3o, ao patrim\u00f4nio da pessoa. \u00c9 todo direito impass\u00edvel de retroatividade, em virtude do que n\u00e3o se subordina \u00e0 lei nova. (Dicion\u00e1rio de Tecnologia Jur\u00eddica - Pedro Nunes) "}],"skos:editorialNote":[{"@lang":"ab","@value":"342.1127 "}],"skos:broader":["https:\/\/adm.senado.leg.br\/vcb\/vocab\/skos\/360"],"skos:altLabel":[{"language":"pt-BR","value":"Direito efetivo"},{"language":"pt-BR","value":"Direitos adquiridos"}],"skos:related":["https:\/\/adm.senado.leg.br\/vcb\/vocab\/skos\/4105","https:\/\/adm.senado.leg.br\/vcb\/vocab\/skos\/4111","https:\/\/adm.senado.leg.br\/vcb\/vocab\/skos\/651","https:\/\/adm.senado.leg.br\/vcb\/vocab\/skos\/11317","https:\/\/adm.senado.leg.br\/vcb\/vocab\/skos\/11341"]}