{"@context":{"dc":"http:\/\/purl.org\/dc\/elements\/1.1\/","skos":"http:\/\/www.w3.org\/2004\/02\/skos\/core#","skos:broader":{"@type":"@id"},"skos:inScheme":{"@type":"@id"},"skos:related":{"@type":"@id"},"skos:narrower":{"@type":"@id"},"skos:hasTopConcept":{"@type":"@id"},"skos:topConceptOf":{"@type":"@id"}},"@id":"https:\/\/adm.senado.leg.br\/vcb\/vocab\/skos\/4131","@type":"skos:Concept","skos:prefLabel":{"@language":"pt-BR","@value=":"Resolu\u00e7\u00e3o"},"skos:inScheme":"https:\/\/adm.senado.leg.br\/vcb\/vocab\/","dct:created":"2020-09-18 17:43:09","skos:definition":[{"@lang":"ab","@value":"No \u00e2mbito do TCU, t\u00eam forma de resolu\u00e7\u00e3o as delibera\u00e7\u00f5es do Plen\u00e1rio e das c\u00e2maras que tratam de aprova\u00e7\u00e3o do Regimento Interno, de ato definidor da estrutura, atribui\u00e7\u00f5es e funcionamento do Tribunal, das unidades de sua Secretaria e demais servi\u00e7os auxiliares, bem como de outras mat\u00e9rias de natureza administrativa interna que, a crit\u00e9rio do Tribunal, devam revestir-se dessa forma.$vBRASIL. Tribunal de Contas da Uni\u00e3o. Resolu\u00e7\u00e3o n\u00ba 246, de 30 de novembro de 2011. "},{"@lang":"ab","@value":"No Executivo, designa atos (quase sempre normativos) expedidos por \u00f3rg\u00e3os de delibera\u00e7\u00e3o coletiva (consselhos etc.). No Legislativo s\u00e3o certos atos, administrativos ou de outra natureza, aprovados pelos plen\u00e1rios da C\u00e2mara, Senado ou Congresso, no uso de sua compet\u00eancia privativa ou exclusiva\" (FARHAT, 1996, p. 859) "},{"@lang":"ab","@value":"Regulamenta\u00e7\u00e3o constitu\u00edda por delibera\u00e7\u00e3o do Poder Legislativo, destinada a mat\u00e9ria de interesse interno das Casas do pr\u00f3prio legislativo (C\u00e2mara ou Senado).$vJusBrasil. "}],"skos:editorialNote":[{"@lang":"ab","@value":"341.3511 "}],"skos:broader":["https:\/\/adm.senado.leg.br\/vcb\/vocab\/skos\/4059"],"skos:related":["https:\/\/adm.senado.leg.br\/vcb\/vocab\/skos\/4126","https:\/\/adm.senado.leg.br\/vcb\/vocab\/skos\/4127","https:\/\/adm.senado.leg.br\/vcb\/vocab\/skos\/23010","https:\/\/adm.senado.leg.br\/vcb\/vocab\/skos\/4128","https:\/\/adm.senado.leg.br\/vcb\/vocab\/skos\/4129"]}