{"@context":{"dc":"http:\/\/purl.org\/dc\/elements\/1.1\/","skos":"http:\/\/www.w3.org\/2004\/02\/skos\/core#","skos:broader":{"@type":"@id"},"skos:inScheme":{"@type":"@id"},"skos:related":{"@type":"@id"},"skos:narrower":{"@type":"@id"},"skos:hasTopConcept":{"@type":"@id"},"skos:topConceptOf":{"@type":"@id"}},"@id":"https:\/\/adm.senado.leg.br\/vcb\/vocab\/skos\/4165","@type":"skos:Concept","skos:prefLabel":{"@language":"pt-BR","@value=":"Patrim\u00f4nio art\u00edstico"},"skos:inScheme":"https:\/\/adm.senado.leg.br\/vcb\/vocab\/","dct:created":"2020-09-18 17:43:10","skos:definition":[{"@lang":"ab","@value":"Todos os bens art\u00edsticos ou mobili\u00e1rios (esculturas, telas, m\u00f3veis, em pe\u00e7as \u00fanicas ou acervos) que tenham relev\u00e2ncia cultural para a comunidade. Identificam uma regi\u00e3o ou um povo por ser uma refer\u00eancia est\u00e9tica, pl\u00e1stica ou estil\u00edstica, sem necessariamente ter passado pelo processo de tombamento.$vRevista Nova Escola. E\u0300 hora de valorizar nosso patrim\u00f4nio cultural. "}],"skos:narrower":["https:\/\/adm.senado.leg.br\/vcb\/vocab\/skos\/3389"],"skos:broader":["https:\/\/adm.senado.leg.br\/vcb\/vocab\/skos\/4166"],"skos:related":["https:\/\/adm.senado.leg.br\/vcb\/vocab\/skos\/3945","https:\/\/adm.senado.leg.br\/vcb\/vocab\/skos\/1004","https:\/\/adm.senado.leg.br\/vcb\/vocab\/skos\/20775","https:\/\/adm.senado.leg.br\/vcb\/vocab\/skos\/639","https:\/\/adm.senado.leg.br\/vcb\/vocab\/skos\/21560","https:\/\/adm.senado.leg.br\/vcb\/vocab\/skos\/5138","https:\/\/adm.senado.leg.br\/vcb\/vocab\/skos\/1552"]}