{"@context":{"dc":"http:\/\/purl.org\/dc\/elements\/1.1\/","skos":"http:\/\/www.w3.org\/2004\/02\/skos\/core#","skos:broader":{"@type":"@id"},"skos:inScheme":{"@type":"@id"},"skos:related":{"@type":"@id"},"skos:narrower":{"@type":"@id"},"skos:hasTopConcept":{"@type":"@id"},"skos:topConceptOf":{"@type":"@id"}},"@id":"https:\/\/adm.senado.leg.br\/vcb\/vocab\/skos\/4166","@type":"skos:Concept","skos:prefLabel":{"@language":"pt-BR","@value=":"Patrim\u00f4nio cultural"},"skos:inScheme":"https:\/\/adm.senado.leg.br\/vcb\/vocab\/","dct:created":"2020-09-18 17:43:10","skos:definition":[{"@lang":"ab","@value":"Constituem patrim\u00f4nio cultural brasileiro os bens de natureza material e imaterial, tomados individualmente ou em conjunto, portadores de refer\u00eancia \u00e0 identidade, \u00e0 a\u00e7\u00e3o, \u00e0 mem\u00f3ria dos diferentes grupos formadores da sociedade brasileira, nos quais se incluem: I - as formas de express\u00e3o; II - os modos de criar, fazer e viver; III - as cria\u00e7\u00f5es cient\u00edficas, art\u00edsticas e tecnol\u00f3gicas; IV - as obras, objetos, documentos, edifica\u00e7\u00f5es e demais espa\u00e7os destinados \u00e0s manifesta\u00e7\u00f5es art\u00edstico-culturais; V - os conjuntos urbanos e s\u00edtios de valor hist\u00f3rico, paisag\u00edstico, art\u00edstico, arqueol\u00f3gico, paleontol\u00f3gico, ecol\u00f3gico e cient\u00edfico.$vBRASIL. Constitui\u00e7\u00e3o Federal, art. 216. "}],"skos:narrower":["https:\/\/adm.senado.leg.br\/vcb\/vocab\/skos\/4165","https:\/\/adm.senado.leg.br\/vcb\/vocab\/skos\/638","https:\/\/adm.senado.leg.br\/vcb\/vocab\/skos\/639"],"skos:broader":["https:\/\/adm.senado.leg.br\/vcb\/vocab\/skos\/5061","https:\/\/adm.senado.leg.br\/vcb\/vocab\/skos\/9326"],"skos:altLabel":[{"language":"pt-BR","value":"Bens culturais"},{"language":"pt-BR","value":"Bens intelectuais"},{"language":"pt-BR","value":"Patrim\u00f4nio cultural imaterial"},{"language":"pt-BR","value":"Patrim\u00f4nio cultural material"},{"language":"pt-BR","value":"Propriedade cultural"}],"skos:related":["https:\/\/adm.senado.leg.br\/vcb\/vocab\/skos\/3198","https:\/\/adm.senado.leg.br\/vcb\/vocab\/skos\/3945","https:\/\/adm.senado.leg.br\/vcb\/vocab\/skos\/1004","https:\/\/adm.senado.leg.br\/vcb\/vocab\/skos\/11371","https:\/\/adm.senado.leg.br\/vcb\/vocab\/skos\/20775","https:\/\/adm.senado.leg.br\/vcb\/vocab\/skos\/21560","https:\/\/adm.senado.leg.br\/vcb\/vocab\/skos\/4167","https:\/\/adm.senado.leg.br\/vcb\/vocab\/skos\/5138","https:\/\/adm.senado.leg.br\/vcb\/vocab\/skos\/21566","https:\/\/adm.senado.leg.br\/vcb\/vocab\/skos\/15283","https:\/\/adm.senado.leg.br\/vcb\/vocab\/skos\/1552","https:\/\/adm.senado.leg.br\/vcb\/vocab\/skos\/20900"]}