{"@context":{"dc":"http:\/\/purl.org\/dc\/elements\/1.1\/","skos":"http:\/\/www.w3.org\/2004\/02\/skos\/core#","skos:broader":{"@type":"@id"},"skos:inScheme":{"@type":"@id"},"skos:related":{"@type":"@id"},"skos:narrower":{"@type":"@id"},"skos:hasTopConcept":{"@type":"@id"},"skos:topConceptOf":{"@type":"@id"}},"@id":"https:\/\/adm.senado.leg.br\/vcb\/vocab\/skos\/4193","@type":"skos:Concept","skos:prefLabel":{"@language":"pt-BR","@value=":"Mandato parlamentar"},"skos:inScheme":"https:\/\/adm.senado.leg.br\/vcb\/vocab\/","dct:created":"2020-09-18 17:43:10","skos:definition":[{"@lang":"ab","@value":"Conjunto de poderes pol\u00edticos delegados ao parlamentar, por meio de elei\u00e7\u00e3o, para representar, durante per\u00edodo determinado, o povo, se deputado federal, ou as unidades da federa\u00e7\u00e3o, se senador.$uhttps:\/\/www.congressonacional.leg.br\/legislacao-e-publicacoes\/glossario\/-\/definicoes\/termo\/mandato_parlamentar "}],"skos:editorialNote":[{"@lang":"ab","@value":"341.2536 "}],"skos:broader":["https:\/\/adm.senado.leg.br\/vcb\/vocab\/skos\/460"],"skos:related":["https:\/\/adm.senado.leg.br\/vcb\/vocab\/skos\/4189","https:\/\/adm.senado.leg.br\/vcb\/vocab\/skos\/3564","https:\/\/adm.senado.leg.br\/vcb\/vocab\/skos\/299","https:\/\/adm.senado.leg.br\/vcb\/vocab\/skos\/6409","https:\/\/adm.senado.leg.br\/vcb\/vocab\/skos\/1629","https:\/\/adm.senado.leg.br\/vcb\/vocab\/skos\/15479","https:\/\/adm.senado.leg.br\/vcb\/vocab\/skos\/10452","https:\/\/adm.senado.leg.br\/vcb\/vocab\/skos\/1633"]}