{"@context":{"dc":"http:\/\/purl.org\/dc\/elements\/1.1\/","skos":"http:\/\/www.w3.org\/2004\/02\/skos\/core#","skos:broader":{"@type":"@id"},"skos:inScheme":{"@type":"@id"},"skos:related":{"@type":"@id"},"skos:narrower":{"@type":"@id"},"skos:hasTopConcept":{"@type":"@id"},"skos:topConceptOf":{"@type":"@id"}},"@id":"https:\/\/adm.senado.leg.br\/vcb\/vocab\/skos\/42","@type":"skos:Concept","skos:prefLabel":{"@language":"pt-BR","@value=":"Servi\u00e7o militar"},"skos:inScheme":"https:\/\/adm.senado.leg.br\/vcb\/vocab\/","dct:created":"2020-09-18 17:42:56","skos:definition":[{"@lang":"ab","@value":"Atividade que condiciona o preparo e o emprego das for\u00e7as armadas, realizada mediante o recrutamento de recursos humanos, a instru\u00e7\u00e3o, o adestramento e o aprestamento de efetivos militares, em tempo de paz, com o objetivo de formar reservas mobiliz\u00e1veis.$vBRASIL. Minist\u00e9rio da Defesa. Gloss\u00e1rio das For\u00e7as Armadas. "}],"skos:narrower":["https:\/\/adm.senado.leg.br\/vcb\/vocab\/skos\/24415","https:\/\/adm.senado.leg.br\/vcb\/vocab\/skos\/2127"],"skos:broader":["https:\/\/adm.senado.leg.br\/vcb\/vocab\/skos\/8539"],"skos:related":["https:\/\/adm.senado.leg.br\/vcb\/vocab\/skos\/6244","https:\/\/adm.senado.leg.br\/vcb\/vocab\/skos\/43","https:\/\/adm.senado.leg.br\/vcb\/vocab\/skos\/1453","https:\/\/adm.senado.leg.br\/vcb\/vocab\/skos\/19243","https:\/\/adm.senado.leg.br\/vcb\/vocab\/skos\/29224","https:\/\/adm.senado.leg.br\/vcb\/vocab\/skos\/12424","https:\/\/adm.senado.leg.br\/vcb\/vocab\/skos\/21367","https:\/\/adm.senado.leg.br\/vcb\/vocab\/skos\/15911","https:\/\/adm.senado.leg.br\/vcb\/vocab\/skos\/24359","https:\/\/adm.senado.leg.br\/vcb\/vocab\/skos\/24360"]}