{"@context":{"dc":"http:\/\/purl.org\/dc\/elements\/1.1\/","skos":"http:\/\/www.w3.org\/2004\/02\/skos\/core#","skos:broader":{"@type":"@id"},"skos:inScheme":{"@type":"@id"},"skos:related":{"@type":"@id"},"skos:narrower":{"@type":"@id"},"skos:hasTopConcept":{"@type":"@id"},"skos:topConceptOf":{"@type":"@id"}},"@id":"https:\/\/adm.senado.leg.br\/vcb\/vocab\/skos\/4232","@type":"skos:Concept","skos:prefLabel":{"@language":"pt-BR","@value=":"Opini\u00e3o p\u00fablica"},"skos:inScheme":"https:\/\/adm.senado.leg.br\/vcb\/vocab\/","dct:created":"2020-09-18 17:43:10","skos:definition":[{"@lang":"ab","@value":"\u00c9 a express\u00e3o da participa\u00e7\u00e3o popular na cria\u00e7\u00e3o, controle, execu\u00e7\u00e3o e cr\u00edtica das diretrizes de uma sociedade.$vWikipedia "}],"skos:narrower":["https:\/\/adm.senado.leg.br\/vcb\/vocab\/skos\/19341","https:\/\/adm.senado.leg.br\/vcb\/vocab\/skos\/20536"],"skos:broader":["https:\/\/adm.senado.leg.br\/vcb\/vocab\/skos\/8057"],"skos:related":["https:\/\/adm.senado.leg.br\/vcb\/vocab\/skos\/4228","https:\/\/adm.senado.leg.br\/vcb\/vocab\/skos\/7916","https:\/\/adm.senado.leg.br\/vcb\/vocab\/skos\/4229","https:\/\/adm.senado.leg.br\/vcb\/vocab\/skos\/581","https:\/\/adm.senado.leg.br\/vcb\/vocab\/skos\/10612","https:\/\/adm.senado.leg.br\/vcb\/vocab\/skos\/6983","https:\/\/adm.senado.leg.br\/vcb\/vocab\/skos\/8115","https:\/\/adm.senado.leg.br\/vcb\/vocab\/skos\/1557","https:\/\/adm.senado.leg.br\/vcb\/vocab\/skos\/4233","https:\/\/adm.senado.leg.br\/vcb\/vocab\/skos\/23721","https:\/\/adm.senado.leg.br\/vcb\/vocab\/skos\/8077","https:\/\/adm.senado.leg.br\/vcb\/vocab\/skos\/1546"]}