{"@context":{"dc":"http:\/\/purl.org\/dc\/elements\/1.1\/","skos":"http:\/\/www.w3.org\/2004\/02\/skos\/core#","skos:broader":{"@type":"@id"},"skos:inScheme":{"@type":"@id"},"skos:related":{"@type":"@id"},"skos:narrower":{"@type":"@id"},"skos:hasTopConcept":{"@type":"@id"},"skos:topConceptOf":{"@type":"@id"}},"@id":"https:\/\/adm.senado.leg.br\/vcb\/vocab\/skos\/4233","@type":"skos:Concept","skos:prefLabel":{"@language":"pt-BR","@value=":"Participa\u00e7\u00e3o popular"},"skos:inScheme":"https:\/\/adm.senado.leg.br\/vcb\/vocab\/","dct:created":"2020-09-18 17:43:10","skos:scopeNote":[{"@lang":"pt-BR","@value":"Usar quando referir-se a mecanismos de participa\u00e7\u00e3o popular tais como plebiscito, referendo, iniciativa popular, revoga\u00e7\u00e3o eleitoral (recall eleitoral), veto popular. "}],"skos:definition":[{"@lang":"pt-BR","@value":"Pr\u00e1tica dos movimentos sociais que gera novos saberes oriundos das classes populares como forma de a\u00e7\u00e3o pol\u00edtica e garante sua autonomia para definir seu pr\u00f3prio destino.$uhttps:\/\/www.arca.fiocruz.br\/bitstream\/icict\/39431\/2\/Curso%20de%20Aperfei%C3%A7oamento%20em%20Educa%C3%A7%C3%A3o%20Popular%20em%20Sa%C3%BAde%20-%20Participa%C3%A7%C3%A3o%20popular%20ou%20participa%C3%A7%C3%A3o%20social.pdf "}],"skos:editorialNote":[{"@lang":"ab","@value":"341.257 "}],"skos:narrower":["https:\/\/adm.senado.leg.br\/vcb\/vocab\/skos\/4228","https:\/\/adm.senado.leg.br\/vcb\/vocab\/skos\/8484","https:\/\/adm.senado.leg.br\/vcb\/vocab\/skos\/28510","https:\/\/adm.senado.leg.br\/vcb\/vocab\/skos\/21511","https:\/\/adm.senado.leg.br\/vcb\/vocab\/skos\/582","https:\/\/adm.senado.leg.br\/vcb\/vocab\/skos\/21298","https:\/\/adm.senado.leg.br\/vcb\/vocab\/skos\/18875"],"skos:broader":["https:\/\/adm.senado.leg.br\/vcb\/vocab\/skos\/3960"],"skos:altLabel":[{"language":"pt-BR","value":"Povo, participa\u00e7\u00e3o"},{"language":"pt-BR","value":"Povo, participa\u00e7\u00e3o pol\u00edtica"}],"skos:related":["https:\/\/adm.senado.leg.br\/vcb\/vocab\/skos\/4229","https:\/\/adm.senado.leg.br\/vcb\/vocab\/skos\/6893","https:\/\/adm.senado.leg.br\/vcb\/vocab\/skos\/8115","https:\/\/adm.senado.leg.br\/vcb\/vocab\/skos\/337","https:\/\/adm.senado.leg.br\/vcb\/vocab\/skos\/4232","https:\/\/adm.senado.leg.br\/vcb\/vocab\/skos\/8563"]}