{"@context":{"dc":"http:\/\/purl.org\/dc\/elements\/1.1\/","skos":"http:\/\/www.w3.org\/2004\/02\/skos\/core#","skos:broader":{"@type":"@id"},"skos:inScheme":{"@type":"@id"},"skos:related":{"@type":"@id"},"skos:narrower":{"@type":"@id"},"skos:hasTopConcept":{"@type":"@id"},"skos:topConceptOf":{"@type":"@id"}},"@id":"https:\/\/adm.senado.leg.br\/vcb\/vocab\/skos\/4234","@type":"skos:Concept","skos:prefLabel":{"@language":"pt-BR","@value=":"Processo legislativo"},"skos:inScheme":"https:\/\/adm.senado.leg.br\/vcb\/vocab\/","dct:created":"2020-09-18 17:43:10","skos:definition":[{"@lang":"ab","@value":"\"[...] sucess\u00e3o de atos, fatos e decis\u00f5es que v\u00e3o da apresenta\u00e7\u00e3o de proposi\u00e7\u00e3o legislativa por agente constitucionalmente capaz, at\u00e9 a san\u00e7\u00e3o ou promulga\u00e7\u00e3o da norma legal.\"$vBRASIL. Congresso Nacional. Nota T\u00e9cnica Conjunta n. 09 de 2012: contesta\u00e7\u00e3o or\u00e7ament\u00e1ria : origem, limites e aplica\u00e7\u00f5es, 2012, p. 2. "}],"skos:editorialNote":[{"@lang":"ab","@value":"341.2537 "}],"skos:narrower":["https:\/\/adm.senado.leg.br\/vcb\/vocab\/skos\/5470","https:\/\/adm.senado.leg.br\/vcb\/vocab\/skos\/29770","https:\/\/adm.senado.leg.br\/vcb\/vocab\/skos\/1999","https:\/\/adm.senado.leg.br\/vcb\/vocab\/skos\/26329","https:\/\/adm.senado.leg.br\/vcb\/vocab\/skos\/9313","https:\/\/adm.senado.leg.br\/vcb\/vocab\/skos\/29713","https:\/\/adm.senado.leg.br\/vcb\/vocab\/skos\/7746","https:\/\/adm.senado.leg.br\/vcb\/vocab\/skos\/19566","https:\/\/adm.senado.leg.br\/vcb\/vocab\/skos\/22785","https:\/\/adm.senado.leg.br\/vcb\/vocab\/skos\/12776","https:\/\/adm.senado.leg.br\/vcb\/vocab\/skos\/20033","https:\/\/adm.senado.leg.br\/vcb\/vocab\/skos\/3845","https:\/\/adm.senado.leg.br\/vcb\/vocab\/skos\/12777","https:\/\/adm.senado.leg.br\/vcb\/vocab\/skos\/29714","https:\/\/adm.senado.leg.br\/vcb\/vocab\/skos\/22784","https:\/\/adm.senado.leg.br\/vcb\/vocab\/skos\/11962"],"skos:broader":["https:\/\/adm.senado.leg.br\/vcb\/vocab\/skos\/10462"],"skos:related":["https:\/\/adm.senado.leg.br\/vcb\/vocab\/skos\/4228","https:\/\/adm.senado.leg.br\/vcb\/vocab\/skos\/4229","https:\/\/adm.senado.leg.br\/vcb\/vocab\/skos\/5914","https:\/\/adm.senado.leg.br\/vcb\/vocab\/skos\/12877","https:\/\/adm.senado.leg.br\/vcb\/vocab\/skos\/582","https:\/\/adm.senado.leg.br\/vcb\/vocab\/skos\/19530","https:\/\/adm.senado.leg.br\/vcb\/vocab\/skos\/16527","https:\/\/adm.senado.leg.br\/vcb\/vocab\/skos\/11718","https:\/\/adm.senado.leg.br\/vcb\/vocab\/skos\/5905","https:\/\/adm.senado.leg.br\/vcb\/vocab\/skos\/18875"]}