{"@context":{"dc":"http:\/\/purl.org\/dc\/elements\/1.1\/","skos":"http:\/\/www.w3.org\/2004\/02\/skos\/core#","skos:broader":{"@type":"@id"},"skos:inScheme":{"@type":"@id"},"skos:related":{"@type":"@id"},"skos:narrower":{"@type":"@id"},"skos:hasTopConcept":{"@type":"@id"},"skos:topConceptOf":{"@type":"@id"}},"@id":"https:\/\/adm.senado.leg.br\/vcb\/vocab\/skos\/4264","@type":"skos:Concept","skos:prefLabel":{"@language":"pt-BR","@value=":"Auditoria ambiental"},"skos:inScheme":"https:\/\/adm.senado.leg.br\/vcb\/vocab\/","dct:created":"2020-09-18 17:43:10","skos:definition":[{"@lang":"ab","@value":"\"Ferramenta de gest\u00e3o que permite fazer uma pondera\u00e7\u00e3o sistem\u00e1tica, peri\u00f3dica, documentada e objetiva dos sistemas de gest\u00e3o e do desempenho dos equipamentos instalados em uma organiza\u00e7\u00e3o, para fiscalizar e limitar o impacto de suas atividades sobre o meio ambiente.\" (VALLE, 1995; WILSON, 1992 apud OLIVEIRA FILHO, 2002, p. 36). "}],"skos:editorialNote":[{"@lang":"ab","@value":"341.3477 "}],"skos:broader":["https:\/\/adm.senado.leg.br\/vcb\/vocab\/skos\/737"],"skos:altLabel":[{"language":"pt-BR","value":"Auditoria do Meio Ambiente"},{"language":"pt-BR","value":"Gerenciamento ambiental, fiscaliza\u00e7\u00e3o"},{"language":"pt-BR","value":"Gest\u00e3o ambiental, fiscaliza\u00e7\u00e3o"}],"skos:related":["https:\/\/adm.senado.leg.br\/vcb\/vocab\/skos\/4286","https:\/\/adm.senado.leg.br\/vcb\/vocab\/skos\/4287","https:\/\/adm.senado.leg.br\/vcb\/vocab\/skos\/4288","https:\/\/adm.senado.leg.br\/vcb\/vocab\/skos\/4289","https:\/\/adm.senado.leg.br\/vcb\/vocab\/skos\/375","https:\/\/adm.senado.leg.br\/vcb\/vocab\/skos\/1189"]}