{"@context":{"dc":"http:\/\/purl.org\/dc\/elements\/1.1\/","skos":"http:\/\/www.w3.org\/2004\/02\/skos\/core#","skos:broader":{"@type":"@id"},"skos:inScheme":{"@type":"@id"},"skos:related":{"@type":"@id"},"skos:narrower":{"@type":"@id"},"skos:hasTopConcept":{"@type":"@id"},"skos:topConceptOf":{"@type":"@id"}},"@id":"https:\/\/adm.senado.leg.br\/vcb\/vocab\/skos\/4274","@type":"skos:Concept","skos:prefLabel":{"@language":"pt-BR","@value=":"Auditoria financeira e or\u00e7ament\u00e1ria"},"skos:inScheme":"https:\/\/adm.senado.leg.br\/vcb\/vocab\/","dct:created":"2020-09-18 17:43:10","skos:definition":[{"@lang":"ab","@value":"An\u00e1lise das contas, da situa\u00e7\u00e3o financeira e da legalidade e regularidade das opera\u00e7\u00f5es, realizada por um auditor, com vista a emitir ou n\u00e3o um parecer. Esta auditoria inclui:(1) An\u00e1lise das contas e da situa\u00e7\u00e3o financeira da entidade fiscalizada, com vista a verificar se:a) todas as opera\u00e7\u00f5es foram correctamente\/corretamente autorizadas, liquidadas, ordenadas, pagas e registadas\/registradas; b) foram tomadas medidas apropriadas com vista a registar\/registrar com exactid\u00e3o\/exatid\u00e3o e a proteger todos os activos\/ativos, por exemplo: tesouraria; investimentos; invent\u00e1rio dos valores imobilizados; exist\u00eancias.(2) an\u00e1lise da legalidade e regularidade, com vista a verificar se:a) todas as opera\u00e7\u00f5es registadas\/registradas est\u00e3o em conformidade com a legisla\u00e7\u00e3o geral e espec\u00edfica em vigor; b) todas as despesas e receitas s\u00e3o, respectivamente, efectuadas\/efetuadas e arrecadadas com observ\u00e2ncia dos limites financeiros e do per\u00edodo autorizados; c) todos os direitos e obriga\u00e7\u00f5es s\u00e3o apurados e geridos segundo as normas aplic\u00e1veis.$vGLOSS\u00c1RIO de contabilidade. "}],"skos:broader":["https:\/\/adm.senado.leg.br\/vcb\/vocab\/skos\/737"],"skos:altLabel":[{"language":"pt-BR","value":"Auditoria financeira"},{"language":"pt-BR","value":"Auditoria or\u00e7ament\u00e1ria"}],"skos:related":["https:\/\/adm.senado.leg.br\/vcb\/vocab\/skos\/4291","https:\/\/adm.senado.leg.br\/vcb\/vocab\/skos\/4276","https:\/\/adm.senado.leg.br\/vcb\/vocab\/skos\/4297"]}