{"@context":{"dc":"http:\/\/purl.org\/dc\/elements\/1.1\/","skos":"http:\/\/www.w3.org\/2004\/02\/skos\/core#","skos:broader":{"@type":"@id"},"skos:inScheme":{"@type":"@id"},"skos:related":{"@type":"@id"},"skos:narrower":{"@type":"@id"},"skos:hasTopConcept":{"@type":"@id"},"skos:topConceptOf":{"@type":"@id"}},"@id":"https:\/\/adm.senado.leg.br\/vcb\/vocab\/skos\/428","@type":"skos:Concept","skos:prefLabel":{"@language":"pt-BR","@value=":"Diss\u00eddio coletivo"},"skos:inScheme":"https:\/\/adm.senado.leg.br\/vcb\/vocab\/","dct:created":"2020-09-18 17:42:57","skos:definition":[{"@lang":"ab","@value":"Lit\u00edgio entre grupos de empregados e empregadores, titulares de direito, representados por suas respectivas associa\u00e7\u00f5es de classe, que s\u00e3o entidades legitimadas para o processo. Envolve interesses abstratos de categorias profissionais ou econ\u00f4micas. "},{"@lang":"ab","@value":"Lit\u00edgio entre grupos de empregados e empregadores, titulares de direito, representados por suas respectivas associa\u00e7\u00f5es de classe, que s\u00e3o entidades legitimadas para o processo. Envolve interessesabstratos de categorias profissionais ou econ\u00f4micas. (VCB) "}],"skos:editorialNote":[{"@lang":"ab","@value":"342.68 "}],"skos:broader":["https:\/\/adm.senado.leg.br\/vcb\/vocab\/skos\/8433"],"skos:altLabel":[{"language":"pt-BR","value":"Diss\u00eddio coletivo do trabalho"},{"language":"pt-BR","value":"Diss\u00eddio coletivo trabalhista"}],"skos:related":["https:\/\/adm.senado.leg.br\/vcb\/vocab\/skos\/382","https:\/\/adm.senado.leg.br\/vcb\/vocab\/skos\/920","https:\/\/adm.senado.leg.br\/vcb\/vocab\/skos\/924","https:\/\/adm.senado.leg.br\/vcb\/vocab\/skos\/931","https:\/\/adm.senado.leg.br\/vcb\/vocab\/skos\/925","https:\/\/adm.senado.leg.br\/vcb\/vocab\/skos\/964","https:\/\/adm.senado.leg.br\/vcb\/vocab\/skos\/4518","https:\/\/adm.senado.leg.br\/vcb\/vocab\/skos\/7595","https:\/\/adm.senado.leg.br\/vcb\/vocab\/skos\/928","https:\/\/adm.senado.leg.br\/vcb\/vocab\/skos\/8420","https:\/\/adm.senado.leg.br\/vcb\/vocab\/skos\/11640","https:\/\/adm.senado.leg.br\/vcb\/vocab\/skos\/10590","https:\/\/adm.senado.leg.br\/vcb\/vocab\/skos\/386","https:\/\/adm.senado.leg.br\/vcb\/vocab\/skos\/929"]}