{"@context":{"dc":"http:\/\/purl.org\/dc\/elements\/1.1\/","skos":"http:\/\/www.w3.org\/2004\/02\/skos\/core#","skos:broader":{"@type":"@id"},"skos:inScheme":{"@type":"@id"},"skos:related":{"@type":"@id"},"skos:narrower":{"@type":"@id"},"skos:hasTopConcept":{"@type":"@id"},"skos:topConceptOf":{"@type":"@id"}},"@id":"https:\/\/adm.senado.leg.br\/vcb\/vocab\/skos\/434","@type":"skos:Concept","skos:prefLabel":{"@language":"pt-BR","@value=":"Desapropria\u00e7\u00e3o"},"skos:inScheme":"https:\/\/adm.senado.leg.br\/vcb\/vocab\/","dct:created":"2020-09-18 17:42:57","skos:definition":[{"@lang":"ab","@value":"\u00c9 ato emanado do poder p\u00fablico mediante decreto do executivo, a fim de que a propriedade de algu\u00e9m seja transferida para o dom\u00ednio p\u00fablico, mediante pagamento justo. Modalidade de interven\u00e7\u00e3o do Poder P\u00fablico sobre a propriedade privada (excepcionalmente, sobre um bem p\u00fablico, desde que autorizado pelo legislativo), em im\u00f3vel ou m\u00f3vel, mediante a qual transfere para si essa propriedade, se presentes os pressupostos de necessidade ou utilidade p\u00fablica ou interesse social, mediante justa e pr\u00e9via indeniza\u00e7\u00e3o em dinheiro, salvo a indeniza\u00e7\u00e3o em t\u00edtulos de d\u00edvida p\u00fablica nos casos de reforma agr\u00e1ria, por motivo de necessidade, ou utilidade p\u00fablica, ou interesse social.$vFULG\u00caNCIO, Paulo Cesar. Gloss\u00e1rio: administra\u00e7\u00e3o p\u00fablica, ci\u00eancias cont\u00e1beis, direito, economia, meio ambiente. Rio de Janeiro, RJ: Mauad X, 2007 "}],"skos:editorialNote":[{"@lang":"ab","@value":"341.3772 "}],"skos:narrower":["https:\/\/adm.senado.leg.br\/vcb\/vocab\/skos\/10792","https:\/\/adm.senado.leg.br\/vcb\/vocab\/skos\/10793","https:\/\/adm.senado.leg.br\/vcb\/vocab\/skos\/10794","https:\/\/adm.senado.leg.br\/vcb\/vocab\/skos\/435","https:\/\/adm.senado.leg.br\/vcb\/vocab\/skos\/493","https:\/\/adm.senado.leg.br\/vcb\/vocab\/skos\/436"],"skos:broader":["https:\/\/adm.senado.leg.br\/vcb\/vocab\/skos\/10791"],"skos:altLabel":[{"language":"pt-BR","value":"Desapropria\u00e7\u00e3o direta"},{"language":"pt-BR","value":"Procedimento de desapropria\u00e7\u00e3o"}],"skos:related":["https:\/\/adm.senado.leg.br\/vcb\/vocab\/skos\/433","https:\/\/adm.senado.leg.br\/vcb\/vocab\/skos\/5050","https:\/\/adm.senado.leg.br\/vcb\/vocab\/skos\/28","https:\/\/adm.senado.leg.br\/vcb\/vocab\/skos\/10786","https:\/\/adm.senado.leg.br\/vcb\/vocab\/skos\/3586","https:\/\/adm.senado.leg.br\/vcb\/vocab\/skos\/10787","https:\/\/adm.senado.leg.br\/vcb\/vocab\/skos\/10788","https:\/\/adm.senado.leg.br\/vcb\/vocab\/skos\/10789","https:\/\/adm.senado.leg.br\/vcb\/vocab\/skos\/3360","https:\/\/adm.senado.leg.br\/vcb\/vocab\/skos\/10790","https:\/\/adm.senado.leg.br\/vcb\/vocab\/skos\/1662","https:\/\/adm.senado.leg.br\/vcb\/vocab\/skos\/3588","https:\/\/adm.senado.leg.br\/vcb\/vocab\/skos\/5142"]}