{"@context":{"dc":"http:\/\/purl.org\/dc\/elements\/1.1\/","skos":"http:\/\/www.w3.org\/2004\/02\/skos\/core#","skos:broader":{"@type":"@id"},"skos:inScheme":{"@type":"@id"},"skos:related":{"@type":"@id"},"skos:narrower":{"@type":"@id"},"skos:hasTopConcept":{"@type":"@id"},"skos:topConceptOf":{"@type":"@id"}},"@id":"https:\/\/adm.senado.leg.br\/vcb\/vocab\/skos\/4353","@type":"skos:Concept","skos:prefLabel":{"@language":"pt-BR","@value=":"Nacionalismo"},"skos:inScheme":"https:\/\/adm.senado.leg.br\/vcb\/vocab\/","dct:created":"2020-09-18 17:43:11","skos:definition":[{"@lang":"ab","@value":"Tese ideol\u00f3gica, surgida ap\u00f3s a Revolu\u00e7\u00e3o Francesa. Em sentido estrito, seria um sentimento de valoriza\u00e7\u00e3o marcado pela aproxima\u00e7\u00e3o e identifica\u00e7\u00e3o com uma na\u00e7\u00e3o. "}],"skos:narrower":["https:\/\/adm.senado.leg.br\/vcb\/vocab\/skos\/16621","https:\/\/adm.senado.leg.br\/vcb\/vocab\/skos\/20912","https:\/\/adm.senado.leg.br\/vcb\/vocab\/skos\/19896","https:\/\/adm.senado.leg.br\/vcb\/vocab\/skos\/7082","https:\/\/adm.senado.leg.br\/vcb\/vocab\/skos\/6147","https:\/\/adm.senado.leg.br\/vcb\/vocab\/skos\/20833","https:\/\/adm.senado.leg.br\/vcb\/vocab\/skos\/2647"],"skos:broader":["https:\/\/adm.senado.leg.br\/vcb\/vocab\/skos\/2459","https:\/\/adm.senado.leg.br\/vcb\/vocab\/skos\/6998"],"skos:altLabel":[{"language":"pt-BR","value":"Chauvinismo"},{"language":"pt-BR","value":"Consci\u00eancia nacional"},{"language":"pt-BR","value":"Movimentos nacionalistas"}],"skos:related":["https:\/\/adm.senado.leg.br\/vcb\/vocab\/skos\/4350","https:\/\/adm.senado.leg.br\/vcb\/vocab\/skos\/7185","https:\/\/adm.senado.leg.br\/vcb\/vocab\/skos\/4351","https:\/\/adm.senado.leg.br\/vcb\/vocab\/skos\/14000","https:\/\/adm.senado.leg.br\/vcb\/vocab\/skos\/2669","https:\/\/adm.senado.leg.br\/vcb\/vocab\/skos\/11177","https:\/\/adm.senado.leg.br\/vcb\/vocab\/skos\/2678","https:\/\/adm.senado.leg.br\/vcb\/vocab\/skos\/20832","https:\/\/adm.senado.leg.br\/vcb\/vocab\/skos\/13734","https:\/\/adm.senado.leg.br\/vcb\/vocab\/skos\/20920","https:\/\/adm.senado.leg.br\/vcb\/vocab\/skos\/7000","https:\/\/adm.senado.leg.br\/vcb\/vocab\/skos\/20921"]}