{"@context":{"dc":"http:\/\/purl.org\/dc\/elements\/1.1\/","skos":"http:\/\/www.w3.org\/2004\/02\/skos\/core#","skos:broader":{"@type":"@id"},"skos:inScheme":{"@type":"@id"},"skos:related":{"@type":"@id"},"skos:narrower":{"@type":"@id"},"skos:hasTopConcept":{"@type":"@id"},"skos:topConceptOf":{"@type":"@id"}},"@id":"https:\/\/adm.senado.leg.br\/vcb\/vocab\/skos\/4358","@type":"skos:Concept","skos:prefLabel":{"@language":"pt-BR","@value=":"Educa\u00e7\u00e3o no tr\u00e2nsito"},"skos:inScheme":"https:\/\/adm.senado.leg.br\/vcb\/vocab\/","dct:created":"2020-09-18 17:43:11","skos:broader":["https:\/\/adm.senado.leg.br\/vcb\/vocab\/skos\/1951"],"skos:altLabel":[{"language":"pt-BR","value":"Educa\u00e7\u00e3o de tr\u00e2nsito"},{"language":"pt-BR","value":"Tr\u00e2nsito, educa\u00e7\u00e3o"}],"skos:related":["https:\/\/adm.senado.leg.br\/vcb\/vocab\/skos\/4186","https:\/\/adm.senado.leg.br\/vcb\/vocab\/skos\/4474","https:\/\/adm.senado.leg.br\/vcb\/vocab\/skos\/4357","https:\/\/adm.senado.leg.br\/vcb\/vocab\/skos\/10606","https:\/\/adm.senado.leg.br\/vcb\/vocab\/skos\/786"]}