{"@context":{"dc":"http:\/\/purl.org\/dc\/elements\/1.1\/","skos":"http:\/\/www.w3.org\/2004\/02\/skos\/core#","skos:broader":{"@type":"@id"},"skos:inScheme":{"@type":"@id"},"skos:related":{"@type":"@id"},"skos:narrower":{"@type":"@id"},"skos:hasTopConcept":{"@type":"@id"},"skos:topConceptOf":{"@type":"@id"}},"@id":"https:\/\/adm.senado.leg.br\/vcb\/vocab\/skos\/436","@type":"skos:Concept","skos:prefLabel":{"@language":"pt-BR","@value=":"Desapropria\u00e7\u00e3o por utilidade p\u00fablica"},"skos:inScheme":"https:\/\/adm.senado.leg.br\/vcb\/vocab\/","dct:created":"2020-09-18 17:42:57","skos:definition":[{"@lang":"ab","@value":"Compreende os casos dispostos no Decreto-lei n. 3365, de 21 de junho de 1941. "}],"skos:editorialNote":[{"@lang":"ab","@value":"341.3772 "}],"skos:broader":["https:\/\/adm.senado.leg.br\/vcb\/vocab\/skos\/434"],"skos:altLabel":[{"language":"pt-BR","value":"Desapropria\u00e7\u00e3o por interesse p\u00fablico"},{"language":"pt-BR","value":"Desapropria\u00e7\u00e3o por necessidade p\u00fablica"},{"language":"pt-BR","value":"Expropria\u00e7\u00e3o por utilidade p\u00fablica"},{"language":"pt-BR","value":"Im\u00f3vel, desapropria\u00e7\u00e3o po utilidade p\u00fablica"}],"skos:related":["https:\/\/adm.senado.leg.br\/vcb\/vocab\/skos\/433","https:\/\/adm.senado.leg.br\/vcb\/vocab\/skos\/10794","https:\/\/adm.senado.leg.br\/vcb\/vocab\/skos\/435","https:\/\/adm.senado.leg.br\/vcb\/vocab\/skos\/8986"]}