{"@context":{"dc":"http:\/\/purl.org\/dc\/elements\/1.1\/","skos":"http:\/\/www.w3.org\/2004\/02\/skos\/core#","skos:broader":{"@type":"@id"},"skos:inScheme":{"@type":"@id"},"skos:related":{"@type":"@id"},"skos:narrower":{"@type":"@id"},"skos:hasTopConcept":{"@type":"@id"},"skos:topConceptOf":{"@type":"@id"}},"@id":"https:\/\/adm.senado.leg.br\/vcb\/vocab\/skos\/4401","@type":"skos:Concept","skos:prefLabel":{"@language":"pt-BR","@value=":"Autom\u00f3vel"},"skos:inScheme":"https:\/\/adm.senado.leg.br\/vcb\/vocab\/","dct:created":"2020-09-18 17:43:11","skos:definition":[{"@lang":"ab","@value":"Ve\u00edculo automotor destinado ao transporte de passageiros, tendo quatro rodas e com capacidade de transporte de at\u00e9 nove pessoas e respectivas bagagens ou at\u00e9 seis pessoas, no caso do Brasil.$vBRASIL. Ag\u00eancia Nacional de Transportes Terrestres. Gloss\u00e1rio de termos e conceitos t\u00e9cnicos dos transportes terrestres. "}],"skos:narrower":["https:\/\/adm.senado.leg.br\/vcb\/vocab\/skos\/4411","https:\/\/adm.senado.leg.br\/vcb\/vocab\/skos\/4412","https:\/\/adm.senado.leg.br\/vcb\/vocab\/skos\/4413"],"skos:broader":["https:\/\/adm.senado.leg.br\/vcb\/vocab\/skos\/4410"],"skos:altLabel":[{"language":"pt-BR","value":"Carro"}],"skos:related":["https:\/\/adm.senado.leg.br\/vcb\/vocab\/skos\/764","https:\/\/adm.senado.leg.br\/vcb\/vocab\/skos\/4400","https:\/\/adm.senado.leg.br\/vcb\/vocab\/skos\/4403","https:\/\/adm.senado.leg.br\/vcb\/vocab\/skos\/7120","https:\/\/adm.senado.leg.br\/vcb\/vocab\/skos\/4404","https:\/\/adm.senado.leg.br\/vcb\/vocab\/skos\/4405","https:\/\/adm.senado.leg.br\/vcb\/vocab\/skos\/4406","https:\/\/adm.senado.leg.br\/vcb\/vocab\/skos\/4407","https:\/\/adm.senado.leg.br\/vcb\/vocab\/skos\/4408","https:\/\/adm.senado.leg.br\/vcb\/vocab\/skos\/4409"]}