{"@context":{"dc":"http:\/\/purl.org\/dc\/elements\/1.1\/","skos":"http:\/\/www.w3.org\/2004\/02\/skos\/core#","skos:broader":{"@type":"@id"},"skos:inScheme":{"@type":"@id"},"skos:related":{"@type":"@id"},"skos:narrower":{"@type":"@id"},"skos:hasTopConcept":{"@type":"@id"},"skos:topConceptOf":{"@type":"@id"}},"@id":"https:\/\/adm.senado.leg.br\/vcb\/vocab\/skos\/4409","@type":"skos:Concept","skos:prefLabel":{"@language":"pt-BR","@value=":"Transporte urbano"},"skos:inScheme":"https:\/\/adm.senado.leg.br\/vcb\/vocab\/","dct:created":"2020-09-18 17:43:11","skos:definition":[{"@lang":"ab","@value":"Conjunto dos modos e servi\u00e7os de transporte p\u00fablico e privado utilizados para o deslocamento de pessoas e cargas nas cidades integrantes da Pol\u00edtica Nacional de Mobilidade Urbana. (Lei n. 12.587\/2012, art. 4\u00ba, I) "},{"@lang":"ab","@value":"Transporte realizado em zona urbana.$vBRASIL. Ag\u00eancia Nacional de Transportes Terrestres. Gloss\u00e1rio de termos e conceitos t\u00e9cnicos dos transportes terrestres. "}],"skos:narrower":["https:\/\/adm.senado.leg.br\/vcb\/vocab\/skos\/3035","https:\/\/adm.senado.leg.br\/vcb\/vocab\/skos\/5565"],"skos:broader":["https:\/\/adm.senado.leg.br\/vcb\/vocab\/skos\/1571"],"skos:related":["https:\/\/adm.senado.leg.br\/vcb\/vocab\/skos\/4401","https:\/\/adm.senado.leg.br\/vcb\/vocab\/skos\/5665","https:\/\/adm.senado.leg.br\/vcb\/vocab\/skos\/18855","https:\/\/adm.senado.leg.br\/vcb\/vocab\/skos\/85","https:\/\/adm.senado.leg.br\/vcb\/vocab\/skos\/5279","https:\/\/adm.senado.leg.br\/vcb\/vocab\/skos\/19986","https:\/\/adm.senado.leg.br\/vcb\/vocab\/skos\/8674","https:\/\/adm.senado.leg.br\/vcb\/vocab\/skos\/657","https:\/\/adm.senado.leg.br\/vcb\/vocab\/skos\/4405","https:\/\/adm.senado.leg.br\/vcb\/vocab\/skos\/6916","https:\/\/adm.senado.leg.br\/vcb\/vocab\/skos\/786","https:\/\/adm.senado.leg.br\/vcb\/vocab\/skos\/25479","https:\/\/adm.senado.leg.br\/vcb\/vocab\/skos\/9451","https:\/\/adm.senado.leg.br\/vcb\/vocab\/skos\/4406","https:\/\/adm.senado.leg.br\/vcb\/vocab\/skos\/8853","https:\/\/adm.senado.leg.br\/vcb\/vocab\/skos\/20566","https:\/\/adm.senado.leg.br\/vcb\/vocab\/skos\/5668","https:\/\/adm.senado.leg.br\/vcb\/vocab\/skos\/4407","https:\/\/adm.senado.leg.br\/vcb\/vocab\/skos\/25499","https:\/\/adm.senado.leg.br\/vcb\/vocab\/skos\/666","https:\/\/adm.senado.leg.br\/vcb\/vocab\/skos\/3028"]}