{"@context":{"dc":"http:\/\/purl.org\/dc\/elements\/1.1\/","skos":"http:\/\/www.w3.org\/2004\/02\/skos\/core#","skos:broader":{"@type":"@id"},"skos:inScheme":{"@type":"@id"},"skos:related":{"@type":"@id"},"skos:narrower":{"@type":"@id"},"skos:hasTopConcept":{"@type":"@id"},"skos:topConceptOf":{"@type":"@id"}},"@id":"https:\/\/adm.senado.leg.br\/vcb\/vocab\/skos\/4417","@type":"skos:Concept","skos:prefLabel":{"@language":"pt-BR","@value=":"Autonomia administrativa"},"skos:inScheme":"https:\/\/adm.senado.leg.br\/vcb\/vocab\/","dct:created":"2020-09-18 17:43:11","skos:definition":[{"@lang":"ab","@value":"Autonomia administrativa significa a soma de poderes da pessoa ou entidade para administrar os seus pr\u00f3prios neg\u00f3cios, sob qualquer aspecto, consoante as normas e princ\u00edpios institucionais de sua exist\u00eancia e dessa administra\u00e7\u00e3o.$vDE PL\u00c1CIDO E SILVA. Vocabul\u00e1rio Jur\u00eddico, Rio de Janeiro: Forense, 2001 "}],"skos:editorialNote":[{"@lang":"ab","@value":"341.225 "}],"skos:broader":["https:\/\/adm.senado.leg.br\/vcb\/vocab\/skos\/1201"],"skos:related":["https:\/\/adm.senado.leg.br\/vcb\/vocab\/skos\/4418","https:\/\/adm.senado.leg.br\/vcb\/vocab\/skos\/1285"]}