{"@context":{"dc":"http:\/\/purl.org\/dc\/elements\/1.1\/","skos":"http:\/\/www.w3.org\/2004\/02\/skos\/core#","skos:broader":{"@type":"@id"},"skos:inScheme":{"@type":"@id"},"skos:related":{"@type":"@id"},"skos:narrower":{"@type":"@id"},"skos:hasTopConcept":{"@type":"@id"},"skos:topConceptOf":{"@type":"@id"}},"@id":"https:\/\/adm.senado.leg.br\/vcb\/vocab\/skos\/443","@type":"skos:Concept","skos:prefLabel":{"@language":"pt-BR","@value=":"Loca\u00e7\u00e3o de im\u00f3veis"},"skos:inScheme":"https:\/\/adm.senado.leg.br\/vcb\/vocab\/","dct:created":"2020-09-18 17:42:57","skos:definition":[{"@lang":"ab","@value":"Arrendamento de im\u00f3vel pela Administra\u00e7\u00e3o para o desempenho de suas atividades e para a satisfa\u00e7\u00e3o das necessidades administrativas.$vBRASIL. Tribunal de Contas da Uni\u00e3o. Licita\u00e7\u00f5es e Contratos "}],"skos:editorialNote":[{"@lang":"ab","@value":"342.14533 "}],"skos:narrower":["https:\/\/adm.senado.leg.br\/vcb\/vocab\/skos\/438","https:\/\/adm.senado.leg.br\/vcb\/vocab\/skos\/440"],"skos:broader":["https:\/\/adm.senado.leg.br\/vcb\/vocab\/skos\/2162"],"skos:altLabel":[{"language":"pt-BR","value":"Loca\u00e7\u00e3o de bem im\u00f3vel"},{"language":"pt-BR","value":"Loca\u00e7\u00e3o de bens im\u00f3veis"},{"language":"pt-BR","value":"Loca\u00e7\u00e3o de im\u00f3vel"}],"skos:related":["https:\/\/adm.senado.leg.br\/vcb\/vocab\/skos\/437","https:\/\/adm.senado.leg.br\/vcb\/vocab\/skos\/3338","https:\/\/adm.senado.leg.br\/vcb\/vocab\/skos\/27","https:\/\/adm.senado.leg.br\/vcb\/vocab\/skos\/9487","https:\/\/adm.senado.leg.br\/vcb\/vocab\/skos\/439","https:\/\/adm.senado.leg.br\/vcb\/vocab\/skos\/2015","https:\/\/adm.senado.leg.br\/vcb\/vocab\/skos\/2161","https:\/\/adm.senado.leg.br\/vcb\/vocab\/skos\/21282"]}