{"@context":{"dc":"http:\/\/purl.org\/dc\/elements\/1.1\/","skos":"http:\/\/www.w3.org\/2004\/02\/skos\/core#","skos:broader":{"@type":"@id"},"skos:inScheme":{"@type":"@id"},"skos:related":{"@type":"@id"},"skos:narrower":{"@type":"@id"},"skos:hasTopConcept":{"@type":"@id"},"skos:topConceptOf":{"@type":"@id"}},"@id":"https:\/\/adm.senado.leg.br\/vcb\/vocab\/skos\/4431","@type":"skos:Concept","skos:prefLabel":{"@language":"pt-BR","@value=":"Rela\u00e7\u00f5es governo central-unidades da federa\u00e7\u00e3o"},"skos:inScheme":"https:\/\/adm.senado.leg.br\/vcb\/vocab\/","dct:created":"2020-09-18 17:43:11","skos:scopeNote":[{"@lang":"ab","@value":"Usar para obras sobre a distribui\u00e7\u00e3o de poderes e as rela\u00e7\u00f5es entre o governo e\/ou a administra\u00e7\u00e3o central de um pa\u00eds e seus governos e\/ou administra\u00e7\u00f5es territoriais de primeiro grau, tanto em sistemas federais quanto n\u00e3o federais. "}],"skos:broader":["https:\/\/adm.senado.leg.br\/vcb\/vocab\/skos\/2705"],"skos:altLabel":[{"language":"pt-BR","value":"Rela\u00e7\u00f5es unidades da federa\u00e7\u00e3o-governo central"}],"skos:related":["https:\/\/adm.senado.leg.br\/vcb\/vocab\/skos\/4427","https:\/\/adm.senado.leg.br\/vcb\/vocab\/skos\/6622","https:\/\/adm.senado.leg.br\/vcb\/vocab\/skos\/14958","https:\/\/adm.senado.leg.br\/vcb\/vocab\/skos\/6996","https:\/\/adm.senado.leg.br\/vcb\/vocab\/skos\/28779","https:\/\/adm.senado.leg.br\/vcb\/vocab\/skos\/23717"]}