{"@context":{"dc":"http:\/\/purl.org\/dc\/elements\/1.1\/","skos":"http:\/\/www.w3.org\/2004\/02\/skos\/core#","skos:broader":{"@type":"@id"},"skos:inScheme":{"@type":"@id"},"skos:related":{"@type":"@id"},"skos:narrower":{"@type":"@id"},"skos:hasTopConcept":{"@type":"@id"},"skos:topConceptOf":{"@type":"@id"}},"@id":"https:\/\/adm.senado.leg.br\/vcb\/vocab\/skos\/4436","@type":"skos:Concept","skos:prefLabel":{"@language":"pt-BR","@value=":"Pol\u00edtica de ci\u00eancia e tecnologia"},"skos:inScheme":"https:\/\/adm.senado.leg.br\/vcb\/vocab\/","dct:created":"2020-09-18 17:43:11","skos:definition":[{"@lang":"ab","@value":"A pol\u00edtica cient\u00edfica e tecnol\u00f3gica (ou, simplesmente, PCT) constitui um objeto de estudo extremamente complexo e que possibilita uma ampla variedade de recortes. Programas de pesquisa, instrumentos de financiamento, institui\u00e7\u00f5es, aspectos da legisla\u00e7\u00e3o e a din\u00e2mica de gera\u00e7\u00e3o de conhecimento e de inova\u00e7\u00f5es s\u00e3o exemplos de apenas alguns temas que comp\u00f5em o escopo dessa pol\u00edtica.$vDIAS, Rafael de Brito. O que \u00e9 a pol\u00edtica cient\u00edfica e tecnol\u00f3gica? "}],"skos:broader":["https:\/\/adm.senado.leg.br\/vcb\/vocab\/skos\/4571"],"skos:altLabel":[{"language":"pt-BR","value":"PCT"},{"language":"pt-BR","value":"Pol\u00edtica cient\u00edfica e tecnol\u00f3gica"},{"language":"pt-BR","value":"Pol\u00edtica de inform\u00e1tica"},{"language":"pt-BR","value":"Pol\u00edtica de tecnologia"},{"language":"pt-BR","value":"Pol\u00edtica tecnol\u00f3gica"}],"skos:related":["https:\/\/adm.senado.leg.br\/vcb\/vocab\/skos\/4434","https:\/\/adm.senado.leg.br\/vcb\/vocab\/skos\/6075","https:\/\/adm.senado.leg.br\/vcb\/vocab\/skos\/4435","https:\/\/adm.senado.leg.br\/vcb\/vocab\/skos\/1533","https:\/\/adm.senado.leg.br\/vcb\/vocab\/skos\/6969","https:\/\/adm.senado.leg.br\/vcb\/vocab\/skos\/10720","https:\/\/adm.senado.leg.br\/vcb\/vocab\/skos\/690"]}