{"@context":{"dc":"http:\/\/purl.org\/dc\/elements\/1.1\/","skos":"http:\/\/www.w3.org\/2004\/02\/skos\/core#","skos:broader":{"@type":"@id"},"skos:inScheme":{"@type":"@id"},"skos:related":{"@type":"@id"},"skos:narrower":{"@type":"@id"},"skos:hasTopConcept":{"@type":"@id"},"skos:topConceptOf":{"@type":"@id"}},"@id":"https:\/\/adm.senado.leg.br\/vcb\/vocab\/skos\/4448","@type":"skos:Concept","skos:prefLabel":{"@language":"pt-BR","@value=":"Ind\u00fastria editorial"},"skos:inScheme":"https:\/\/adm.senado.leg.br\/vcb\/vocab\/","dct:created":"2020-09-18 17:43:11","skos:definition":[{"@lang":"ab","@value":"Neg\u00f3cio relacionado ao processo de publica\u00e7\u00e3o e comercializa\u00e7\u00e3o de uma obra -livros, revistas, fotografias, mapas e outros documentos -, para venda ao p\u00fablico e que inclui negociar contratos com os autores ou seus agentes liter\u00e1rios, editorar os trabalhos dos autores, programar a obra fisicamente, imprimir e encadernar o produto final, e providenciar sua divulga\u00e7\u00e3o e distribui\u00e7\u00e3o$v-ODLIS. "}],"skos:narrower":["https:\/\/adm.senado.leg.br\/vcb\/vocab\/skos\/12606","https:\/\/adm.senado.leg.br\/vcb\/vocab\/skos\/715","https:\/\/adm.senado.leg.br\/vcb\/vocab\/skos\/3454","https:\/\/adm.senado.leg.br\/vcb\/vocab\/skos\/19917"],"skos:broader":["https:\/\/adm.senado.leg.br\/vcb\/vocab\/skos\/18722"],"skos:altLabel":[{"language":"pt-BR","value":"Com\u00e9rcio editorial"}],"skos:related":["https:\/\/adm.senado.leg.br\/vcb\/vocab\/skos\/4447","https:\/\/adm.senado.leg.br\/vcb\/vocab\/skos\/8920","https:\/\/adm.senado.leg.br\/vcb\/vocab\/skos\/5169","https:\/\/adm.senado.leg.br\/vcb\/vocab\/skos\/419","https:\/\/adm.senado.leg.br\/vcb\/vocab\/skos\/684","https:\/\/adm.senado.leg.br\/vcb\/vocab\/skos\/8053","https:\/\/adm.senado.leg.br\/vcb\/vocab\/skos\/12611","https:\/\/adm.senado.leg.br\/vcb\/vocab\/skos\/2305"]}