{"@context":{"dc":"http:\/\/purl.org\/dc\/elements\/1.1\/","skos":"http:\/\/www.w3.org\/2004\/02\/skos\/core#","skos:broader":{"@type":"@id"},"skos:inScheme":{"@type":"@id"},"skos:related":{"@type":"@id"},"skos:narrower":{"@type":"@id"},"skos:hasTopConcept":{"@type":"@id"},"skos:topConceptOf":{"@type":"@id"}},"@id":"https:\/\/adm.senado.leg.br\/vcb\/vocab\/skos\/4487","@type":"skos:Concept","skos:prefLabel":{"@language":"pt-BR","@value=":"Concess\u00e3o de direito real de uso"},"skos:inScheme":"https:\/\/adm.senado.leg.br\/vcb\/vocab\/","dct:created":"2020-09-18 17:43:11","skos:definition":[{"@lang":"ab","@value":"Contrato pelo qual a Administra\u00e7\u00e3o transfere o uso remunerado ou gratuito de terreno p\u00fablico ou do espa\u00e7o a\u00e9reo por tempo certo ou por prazo indeterminado, como direito real resol\u00favel, para que dele se utilize em fins espec\u00edficos de urbaniza\u00e7\u00e3o, industrializa\u00e7\u00e3o, edifica\u00e7\u00e3o, cultivo ou qualquer outra explora\u00e7\u00e3o de interesse social. S\u00f3 em caso de desvirtuamento da finalidade da concess\u00e3o o im\u00f3vel reverter\u00e1 \u00e0 Administra\u00e7\u00e3o p\u00fablica.$vALVES BURLAMAQUE, Cynthia. Direito Administrativo e o dom\u00ednio publico. \u00c2mbito Jur\u00eddico, Rio Grande, IX, n. 35, dez 2006. "}],"skos:broader":["https:\/\/adm.senado.leg.br\/vcb\/vocab\/skos\/8183","https:\/\/adm.senado.leg.br\/vcb\/vocab\/skos\/7249"],"skos:altLabel":[{"language":"pt-BR","value":"Concess\u00e3o de uso especial"},{"language":"pt-BR","value":"Concess\u00e3o especial"},{"language":"pt-BR","value":"Dom\u00ednio pleno"}],"skos:related":["https:\/\/adm.senado.leg.br\/vcb\/vocab\/skos\/4485","https:\/\/adm.senado.leg.br\/vcb\/vocab\/skos\/369","https:\/\/adm.senado.leg.br\/vcb\/vocab\/skos\/4486","https:\/\/adm.senado.leg.br\/vcb\/vocab\/skos\/4488","https:\/\/adm.senado.leg.br\/vcb\/vocab\/skos\/5132","https:\/\/adm.senado.leg.br\/vcb\/vocab\/skos\/4489","https:\/\/adm.senado.leg.br\/vcb\/vocab\/skos\/409"]}