{"@context":{"dc":"http:\/\/purl.org\/dc\/elements\/1.1\/","skos":"http:\/\/www.w3.org\/2004\/02\/skos\/core#","skos:broader":{"@type":"@id"},"skos:inScheme":{"@type":"@id"},"skos:related":{"@type":"@id"},"skos:narrower":{"@type":"@id"},"skos:hasTopConcept":{"@type":"@id"},"skos:topConceptOf":{"@type":"@id"}},"@id":"https:\/\/adm.senado.leg.br\/vcb\/vocab\/skos\/4496","@type":"skos:Concept","skos:prefLabel":{"@language":"pt-BR","@value=":"Infra\u00e7\u00e3o fiscal"},"skos:inScheme":"https:\/\/adm.senado.leg.br\/vcb\/vocab\/","dct:created":"2020-09-18 17:43:11","skos:editorialNote":[{"@lang":"pt-BR","@value":"341.395 "}],"skos:broader":["https:\/\/adm.senado.leg.br\/vcb\/vocab\/skos\/7473"],"skos:altLabel":[{"language":"pt-BR","value":"Il\u00edcito fiscal"},{"language":"pt-BR","value":"Infra\u00e7\u00e3o tribut\u00e1ria"}],"skos:related":["https:\/\/adm.senado.leg.br\/vcb\/vocab\/skos\/4345","https:\/\/adm.senado.leg.br\/vcb\/vocab\/skos\/1962","https:\/\/adm.senado.leg.br\/vcb\/vocab\/skos\/8858","https:\/\/adm.senado.leg.br\/vcb\/vocab\/skos\/4094","https:\/\/adm.senado.leg.br\/vcb\/vocab\/skos\/18847","https:\/\/adm.senado.leg.br\/vcb\/vocab\/skos\/9492","https:\/\/adm.senado.leg.br\/vcb\/vocab\/skos\/11781","https:\/\/adm.senado.leg.br\/vcb\/vocab\/skos\/8369","https:\/\/adm.senado.leg.br\/vcb\/vocab\/skos\/11780"]}