{"@context":{"dc":"http:\/\/purl.org\/dc\/elements\/1.1\/","skos":"http:\/\/www.w3.org\/2004\/02\/skos\/core#","skos:broader":{"@type":"@id"},"skos:inScheme":{"@type":"@id"},"skos:related":{"@type":"@id"},"skos:narrower":{"@type":"@id"},"skos:hasTopConcept":{"@type":"@id"},"skos:topConceptOf":{"@type":"@id"}},"@id":"https:\/\/adm.senado.leg.br\/vcb\/vocab\/skos\/4518","@type":"skos:Concept","skos:prefLabel":{"@language":"pt-BR","@value=":"Empregado"},"skos:inScheme":"https:\/\/adm.senado.leg.br\/vcb\/vocab\/","dct:created":"2020-09-18 17:43:11","skos:definition":[{"@lang":"ab","@value":"Pessoa f\u00edsica que presta pessoalmente a outrem servi\u00e7os n\u00e3o eventuais, subordinados e assalariados. 'Considera-se empregado toda pessoa f\u00edsica que prestar servi\u00e7os de natureza n\u00e3o eventual a empregador, sob depend\u00eancia deste e mediante sal\u00e1rio' (CLT, art. 3\u00ba)$vCENTRAL JUR\u00cdDICA. "}],"skos:editorialNote":[{"@lang":"ab","@value":"342.653 "}],"skos:narrower":["https:\/\/adm.senado.leg.br\/vcb\/vocab\/skos\/9144","https:\/\/adm.senado.leg.br\/vcb\/vocab\/skos\/12914","https:\/\/adm.senado.leg.br\/vcb\/vocab\/skos\/12915","https:\/\/adm.senado.leg.br\/vcb\/vocab\/skos\/4506"],"skos:broader":["https:\/\/adm.senado.leg.br\/vcb\/vocab\/skos\/4522","https:\/\/adm.senado.leg.br\/vcb\/vocab\/skos\/12913"],"skos:altLabel":[{"language":"pt-BR","value":"Pessoal"}],"skos:related":["https:\/\/adm.senado.leg.br\/vcb\/vocab\/skos\/791","https:\/\/adm.senado.leg.br\/vcb\/vocab\/skos\/6306","https:\/\/adm.senado.leg.br\/vcb\/vocab\/skos\/8740","https:\/\/adm.senado.leg.br\/vcb\/vocab\/skos\/3801","https:\/\/adm.senado.leg.br\/vcb\/vocab\/skos\/9147","https:\/\/adm.senado.leg.br\/vcb\/vocab\/skos\/428","https:\/\/adm.senado.leg.br\/vcb\/vocab\/skos\/7595","https:\/\/adm.senado.leg.br\/vcb\/vocab\/skos\/12911","https:\/\/adm.senado.leg.br\/vcb\/vocab\/skos\/4519","https:\/\/adm.senado.leg.br\/vcb\/vocab\/skos\/9148","https:\/\/adm.senado.leg.br\/vcb\/vocab\/skos\/2858","https:\/\/adm.senado.leg.br\/vcb\/vocab\/skos\/930","https:\/\/adm.senado.leg.br\/vcb\/vocab\/skos\/25398","https:\/\/adm.senado.leg.br\/vcb\/vocab\/skos\/12912"]}