{"@context":{"dc":"http:\/\/purl.org\/dc\/elements\/1.1\/","skos":"http:\/\/www.w3.org\/2004\/02\/skos\/core#","skos:broader":{"@type":"@id"},"skos:inScheme":{"@type":"@id"},"skos:related":{"@type":"@id"},"skos:narrower":{"@type":"@id"},"skos:hasTopConcept":{"@type":"@id"},"skos:topConceptOf":{"@type":"@id"}},"@id":"https:\/\/adm.senado.leg.br\/vcb\/vocab\/skos\/4535","@type":"skos:Concept","skos:prefLabel":{"@language":"pt-BR","@value=":"Aux\u00edlio-reclus\u00e3o"},"skos:inScheme":"https:\/\/adm.senado.leg.br\/vcb\/vocab\/","dct:created":"2020-09-18 17:43:12","skos:definition":[{"@lang":"ab","@value":"O aux\u00edlio-reclus\u00e3o \u00e9 um benef\u00edcio devido apenas aos dependentes do segurado do INSS\u00a0preso em regime fechado ou semiaberto, durante o per\u00edodo de reclus\u00e3o ou deten\u00e7\u00e3o. O segurado n\u00e3o pode estar recebendo sal\u00e1rio, nem outro benef\u00edcio do INSS. "}],"skos:editorialNote":[{"@lang":"ab","@value":"341.623534 "}],"skos:broader":["https:\/\/adm.senado.leg.br\/vcb\/vocab\/skos\/176"],"skos:related":["https:\/\/adm.senado.leg.br\/vcb\/vocab\/skos\/2784"]}