{"@context":{"dc":"http:\/\/purl.org\/dc\/elements\/1.1\/","skos":"http:\/\/www.w3.org\/2004\/02\/skos\/core#","skos:broader":{"@type":"@id"},"skos:inScheme":{"@type":"@id"},"skos:related":{"@type":"@id"},"skos:narrower":{"@type":"@id"},"skos:hasTopConcept":{"@type":"@id"},"skos:topConceptOf":{"@type":"@id"}},"@id":"https:\/\/adm.senado.leg.br\/vcb\/vocab\/skos\/4538","@type":"skos:Concept","skos:prefLabel":{"@language":"pt-BR","@value=":"Plano de custeio"},"skos:inScheme":"https:\/\/adm.senado.leg.br\/vcb\/vocab\/","dct:created":"2020-09-18 17:43:12","skos:definition":[{"@lang":"ab","@value":"O plano de custeio, com periodicidade m\u00ednima anual, estabelecer\u00e1 o n\u00edvel de contribui\u00e7\u00e3o necess\u00e1rio \u00e0 constitui\u00e7\u00e3o das reservas garantidoras de benef\u00edcios, fundos, provis\u00f5es e \u00e0 cobertura das demais despesas, em conformidade com os crit\u00e9rios fixados pelo \u00f3rg\u00e3o regulador e fiscalizador. "}],"skos:related":["https:\/\/adm.senado.leg.br\/vcb\/vocab\/skos\/4537","https:\/\/adm.senado.leg.br\/vcb\/vocab\/skos\/3743","https:\/\/adm.senado.leg.br\/vcb\/vocab\/skos\/10246","https:\/\/adm.senado.leg.br\/vcb\/vocab\/skos\/2863","https:\/\/adm.senado.leg.br\/vcb\/vocab\/skos\/2866"]}