{"@context":{"dc":"http:\/\/purl.org\/dc\/elements\/1.1\/","skos":"http:\/\/www.w3.org\/2004\/02\/skos\/core#","skos:broader":{"@type":"@id"},"skos:inScheme":{"@type":"@id"},"skos:related":{"@type":"@id"},"skos:narrower":{"@type":"@id"},"skos:hasTopConcept":{"@type":"@id"},"skos:topConceptOf":{"@type":"@id"}},"@id":"https:\/\/adm.senado.leg.br\/vcb\/vocab\/skos\/4570","@type":"skos:Concept","skos:prefLabel":{"@language":"pt-BR","@value=":"Avalia\u00e7\u00e3o de pol\u00edticas p\u00fablicas"},"skos:inScheme":"https:\/\/adm.senado.leg.br\/vcb\/vocab\/","dct:created":"2020-09-18 17:43:12","skos:definition":[{"@lang":"ab","@value":"Determinar a pertin\u00eancia e o alcance dos objetivos, a efici\u00eancia, a efetividade, o impacto e a sustentabilidade do desenvolvimento (OCDE). Neste sentido, a avalia\u00e7\u00e3o deve proporcionar informa\u00e7\u00e3o que permita a incorpora\u00e7\u00e3o da experi\u00eancia adquirida ao processo de tomada de decis\u00e3o. Pode ser encarada como um mecanismo de melhoria no processo de tomada de decis\u00e3o, a fim de garantir informa\u00e7\u00f5es de qualidade, sobre as quais se fundamentam as delibera\u00e7\u00f5es e a presta\u00e7\u00e3o de contas sobre as pol\u00edticas p\u00fablicas (CHIARI, 2012).$vBRASIL. Tribunal de Contas da Uni\u00e3o. Gloss\u00e1rio de Controle Externo. Revis\u00e3o set.2017 "}],"skos:related":["https:\/\/adm.senado.leg.br\/vcb\/vocab\/skos\/4296","https:\/\/adm.senado.leg.br\/vcb\/vocab\/skos\/4571","https:\/\/adm.senado.leg.br\/vcb\/vocab\/skos\/4572"]}