{"@context":{"dc":"http:\/\/purl.org\/dc\/elements\/1.1\/","skos":"http:\/\/www.w3.org\/2004\/02\/skos\/core#","skos:broader":{"@type":"@id"},"skos:inScheme":{"@type":"@id"},"skos:related":{"@type":"@id"},"skos:narrower":{"@type":"@id"},"skos:hasTopConcept":{"@type":"@id"},"skos:topConceptOf":{"@type":"@id"}},"@id":"https:\/\/adm.senado.leg.br\/vcb\/vocab\/skos\/4575","@type":"skos:Concept","skos:prefLabel":{"@language":"pt-BR","@value=":"Editor cient\u00edfico"},"skos:inScheme":"https:\/\/adm.senado.leg.br\/vcb\/vocab\/","dct:created":"2020-09-18 17:43:12","skos:definition":[{"@lang":"ab","@value":"Indiv\u00edduos respons\u00e1veis, intelectualmente, pela qualidade do conte\u00fado de documentos cient\u00edficos (peri\u00f3dicos, livros, colet\u00e2neas etc.) e, em certos casos, de sua publica\u00e7\u00e3o. "}],"skos:broader":["https:\/\/adm.senado.leg.br\/vcb\/vocab\/skos\/8550"],"skos:related":["https:\/\/adm.senado.leg.br\/vcb\/vocab\/skos\/4574"]}