{"@context":{"dc":"http:\/\/purl.org\/dc\/elements\/1.1\/","skos":"http:\/\/www.w3.org\/2004\/02\/skos\/core#","skos:broader":{"@type":"@id"},"skos:inScheme":{"@type":"@id"},"skos:related":{"@type":"@id"},"skos:narrower":{"@type":"@id"},"skos:hasTopConcept":{"@type":"@id"},"skos:topConceptOf":{"@type":"@id"}},"@id":"https:\/\/adm.senado.leg.br\/vcb\/vocab\/skos\/4615","@type":"skos:Concept","skos:prefLabel":{"@language":"pt-BR","@value=":"Sequestro de avi\u00f5es"},"skos:inScheme":"https:\/\/adm.senado.leg.br\/vcb\/vocab\/","dct:created":"2020-09-18 17:43:12","skos:editorialNote":[{"@lang":"ab","@value":"341.13631 "}],"skos:broader":["https:\/\/adm.senado.leg.br\/vcb\/vocab\/skos\/9867"],"skos:altLabel":[{"language":"pt-BR","value":"Apoderamento il\u00edcito de aeronave"},{"language":"pt-BR","value":"Avi\u00f5es, sequestro"},{"language":"pt-BR","value":"Pirataria a\u00e9rea"},{"language":"pt-BR","value":"Sequestro a\u00e9reo"},{"language":"pt-BR","value":"Sequestro de aeronave"},{"language":"pt-BR","value":"Sequestro de aeronaves"},{"language":"pt-BR","value":"Sequestro de avi\u00e3o"}],"skos:related":["https:\/\/adm.senado.leg.br\/vcb\/vocab\/skos\/1477","https:\/\/adm.senado.leg.br\/vcb\/vocab\/skos\/14796","https:\/\/adm.senado.leg.br\/vcb\/vocab\/skos\/3122"]}