{"@context":{"dc":"http:\/\/purl.org\/dc\/elements\/1.1\/","skos":"http:\/\/www.w3.org\/2004\/02\/skos\/core#","skos:broader":{"@type":"@id"},"skos:inScheme":{"@type":"@id"},"skos:related":{"@type":"@id"},"skos:narrower":{"@type":"@id"},"skos:hasTopConcept":{"@type":"@id"},"skos:topConceptOf":{"@type":"@id"}},"@id":"https:\/\/adm.senado.leg.br\/vcb\/vocab\/skos\/4665","@type":"skos:Concept","skos:prefLabel":{"@language":"pt-BR","@value=":"Infec\u00e7\u00e3o bacteriana"},"skos:inScheme":"https:\/\/adm.senado.leg.br\/vcb\/vocab\/","dct:created":"2020-09-18 17:43:12","skos:definition":[{"@lang":"ab","@value":"Infec\u00e7\u00f5es por bact\u00e9rias, gerais ou inespec\u00edficas.$vDeCS "}],"skos:narrower":["https:\/\/adm.senado.leg.br\/vcb\/vocab\/skos\/12254","https:\/\/adm.senado.leg.br\/vcb\/vocab\/skos\/12304"],"skos:broader":["https:\/\/adm.senado.leg.br\/vcb\/vocab\/skos\/6213"],"skos:altLabel":[{"language":"pt-BR","value":"Doen\u00e7as bacterianas"},{"language":"pt-BR","value":"Doen\u00e7as por bact\u00e9rias"},{"language":"pt-BR","value":"Infec\u00e7\u00f5es bacterianas"},{"language":"pt-BR","value":"Infec\u00e7\u00f5es por bact\u00e9rias"}],"skos:related":["https:\/\/adm.senado.leg.br\/vcb\/vocab\/skos\/4661","https:\/\/adm.senado.leg.br\/vcb\/vocab\/skos\/4663"]}