{"@context":{"dc":"http:\/\/purl.org\/dc\/elements\/1.1\/","skos":"http:\/\/www.w3.org\/2004\/02\/skos\/core#","skos:broader":{"@type":"@id"},"skos:inScheme":{"@type":"@id"},"skos:related":{"@type":"@id"},"skos:narrower":{"@type":"@id"},"skos:hasTopConcept":{"@type":"@id"},"skos:topConceptOf":{"@type":"@id"}},"@id":"https:\/\/adm.senado.leg.br\/vcb\/vocab\/skos\/4685","@type":"skos:Concept","skos:prefLabel":{"@language":"pt-BR","@value=":"Acidente geogr\u00e1fico"},"skos:inScheme":"https:\/\/adm.senado.leg.br\/vcb\/vocab\/","dct:created":"2020-09-18 17:43:12","skos:definition":[{"@lang":"ab","@value":"Um acidente geogr\u00e1fico ou forma de relevo \u00e9 uma entidade diferenciada no relevo da Terra, ou seja, na forma\u00e7\u00e3o dos solos continentais e costeiros. Cada uma destas diferen\u00e7as recebe um nome distinto. "}],"skos:narrower":["https:\/\/adm.senado.leg.br\/vcb\/vocab\/skos\/16346","https:\/\/adm.senado.leg.br\/vcb\/vocab\/skos\/4681","https:\/\/adm.senado.leg.br\/vcb\/vocab\/skos\/4746","https:\/\/adm.senado.leg.br\/vcb\/vocab\/skos\/3814","https:\/\/adm.senado.leg.br\/vcb\/vocab\/skos\/6502","https:\/\/adm.senado.leg.br\/vcb\/vocab\/skos\/1830","https:\/\/adm.senado.leg.br\/vcb\/vocab\/skos\/10610","https:\/\/adm.senado.leg.br\/vcb\/vocab\/skos\/10950","https:\/\/adm.senado.leg.br\/vcb\/vocab\/skos\/10184","https:\/\/adm.senado.leg.br\/vcb\/vocab\/skos\/4682","https:\/\/adm.senado.leg.br\/vcb\/vocab\/skos\/5140","https:\/\/adm.senado.leg.br\/vcb\/vocab\/skos\/20772","https:\/\/adm.senado.leg.br\/vcb\/vocab\/skos\/4684","https:\/\/adm.senado.leg.br\/vcb\/vocab\/skos\/6775","https:\/\/adm.senado.leg.br\/vcb\/vocab\/skos\/10951","https:\/\/adm.senado.leg.br\/vcb\/vocab\/skos\/3027","https:\/\/adm.senado.leg.br\/vcb\/vocab\/skos\/23971","https:\/\/adm.senado.leg.br\/vcb\/vocab\/skos\/25893","https:\/\/adm.senado.leg.br\/vcb\/vocab\/skos\/25265"],"skos:broader":["https:\/\/adm.senado.leg.br\/vcb\/vocab\/skos\/4040"],"skos:altLabel":[{"language":"pt-BR","value":"Forma de relevo"}],"skos:related":["https:\/\/adm.senado.leg.br\/vcb\/vocab\/skos\/15632"]}